{"id":444213,"date":"2016-11-23T10:35:51","date_gmt":"2016-11-23T16:35:51","guid":{"rendered":"https:\/\/www.futboltotal.com.mx\/?p=444213"},"modified":"2016-11-23T10:37:06","modified_gmt":"2016-11-23T16:37:06","slug":"bale-se-perderia-clasico-ante-barcelona","status":"publish","type":"post","link":"http:\/\/desarrollo.grupomedios.com\/futbol\/futbol-internacional\/bale-se-perderia-clasico-ante-barcelona\/2016\/11","title":{"rendered":"Bale se perder\u00eda el Cl\u00e1sico ante el Barcelona"},"content":{"rendered":"<p>El gal\u00e9s <strong>Gareth Bale<\/strong>, que se tuvo que retirar durante el partido de la Liga de Campeones que disput\u00f3 este martes el Real Madrid en Lisboa contra el Sporting, sufre una &#8220;luxaci\u00f3n traum\u00e1tica de los tendones peroneos de su tobillo derecho&#8221;.<\/p>\n<p>As\u00ed indica el parte m\u00e9dico publicado por el club blanco tras someterse este mi\u00e9rcoles a las correspondientes pruebas m\u00e9dicas en el Hospital Universitario Sanitas, que apunta que queda &#8220;pendiente de evoluci\u00f3n&#8221;.<\/p>\n<blockquote class=\"twitter-tweet\" data-width=\"500\">\n<p lang=\"es\" dir=\"ltr\">Parte m\u00e9dico de Bale.<a href=\"https:\/\/t.co\/v8gN901QMt\">https:\/\/t.co\/v8gN901QMt<\/a><a href=\"https:\/\/twitter.com\/hashtag\/RealMadrid?src=hash\">#RealMadrid<\/a> <a href=\"https:\/\/t.co\/3UyAv9QZea\">pic.twitter.com\/3UyAv9QZea<\/a><\/p>\n<p>&mdash; Real Madrid C. F. (@realmadrid) <a href=\"https:\/\/twitter.com\/realmadrid\/status\/801449920301559808\">November 23, 2016<\/a><\/p><\/blockquote>\n<p><script async src=\"\/\/platform.twitter.com\/widgets.js\" charset=\"utf-8\"><\/script><\/p>\n<p style=\"text-align: center;\"><a href=\"https:\/\/www.futboltotal.com.mx\/2016\/11\/cristiano-ronaldo-tiene-muchos-enemigos-en-portugal-futre\/\"><span style=\"color: #3366ff;\">LEER M\u00c1S: CR7 tiene muchos enemigos en Portugal: Futre<\/span><\/a><\/p>\n<p>De esta forma, es muy probable que el jugador gal\u00e9s se pierda, a parte del encuentro de este s\u00e1bado el partido ante el Sporting de Gij\u00f3n y el de Copa del Rey contra la Leonesa, ambos en el Santiago Bernab\u00e9u, el Cl\u00e1sico ante el Barcelona en el Camp Nou, que se disputar\u00e1 el s\u00e1bado 3 de diciembre.<\/p>\n<p>La baja de <strong>Bale<\/strong> es un nuevo contratiempo para el t\u00e9cnico franc\u00e9s Zinedine Zidane, toda vez que esta temporada era de los pocos que apenas hab\u00edan tenido problemas f\u00edsicos y hab\u00eda sido uno de los jugadores m\u00e1s en forma.<\/p>\n<p style=\"text-align: center;\"><a href=\"https:\/\/www.futboltotal.com.mx\/2016\/11\/piden-2-anos-carcel-neymar-fichaje-barcelona-estafa\/\"><span style=\"color: #3366ff;\">LEER M\u00c1S: Piden 2 a\u00f1os de c\u00e1rcel para Neymar por fichaje con el Bar\u00e7a<\/span><\/a><\/p>\n<p>Su baja en el Cl\u00e1sico se puede unir a la ya segura del alem\u00e1n Toni Kroos, otro de los ejes del cuadro madridista.<\/p>\n<p>En LaLiga Santander el gal\u00e9s es el segundo m\u00e1ximo anotador del Real Madrid con cinco goles, tres menos que Cristiano Ronaldo, y en la Liga de Campeones lleva dos, al margen de las asistencias que ha dado a sus compa\u00f1eros.<\/p>\n","protected":false},"excerpt":{"rendered":"<p>Se perder\u00e1 el partido del s\u00e1bado ante el Sporting de Gij\u00f3n y el de Copa del Rey contra la Leonesa<\/p>\n","protected":false},"author":144,"featured_media":444219,"comment_status":"closed","ping_status":"closed","sticky":false,"template":"","format":"standard","meta":[],"categories":[3841,3839,3844],"tags":[36,6043,76,5988],"_links":{"self":[{"href":"http:\/\/desarrollo.grupomedios.com\/futbol\/wp-json\/wp\/v2\/posts\/444213"}],"collection":[{"href":"http:\/\/desarrollo.grupomedios.com\/futbol\/wp-json\/wp\/v2\/posts"}],"about":[{"href":"http:\/\/desarrollo.grupomedios.com\/futbol\/wp-json\/wp\/v2\/types\/post"}],"author":[{"embeddable":true,"href":"http:\/\/desarrollo.grupomedios.com\/futbol\/wp-json\/wp\/v2\/users\/144"}],"replies":[{"embeddable":true,"href":"http:\/\/desarrollo.grupomedios.com\/futbol\/wp-json\/wp\/v2\/comments?post=444213"}],"version-history":[{"count":0,"href":"http:\/\/desarrollo.grupomedios.com\/futbol\/wp-json\/wp\/v2\/posts\/444213\/revisions"}],"wp:featuredmedia":[{"embeddable":true,"href":"http:\/\/desarrollo.grupomedios.com\/futbol\/wp-json\/wp\/v2\/media\/444219"}],"wp:attachment":[{"href":"http:\/\/desarrollo.grupomedios.com\/futbol\/wp-json\/wp\/v2\/media?parent=444213"}],"wp:term":[{"taxonomy":"category","embeddable":true,"href":"http:\/\/desarrollo.grupomedios.com\/futbol\/wp-json\/wp\/v2\/categories?post=444213"},{"taxonomy":"post_tag","embeddable":true,"href":"http:\/\/desarrollo.grupomedios.com\/futbol\/wp-json\/wp\/v2\/tags?post=444213"}],"curies":[{"name":"wp","href":"https:\/\/api.w.org\/{rel}","templated":true}]}}