{"id":444291,"date":"2016-11-23T14:48:48","date_gmt":"2016-11-23T20:48:48","guid":{"rendered":"https:\/\/www.futboltotal.com.mx\/?p=444291"},"modified":"2016-11-23T14:48:48","modified_gmt":"2016-11-23T20:48:48","slug":"roban-casa-luis-figo-en-madrid","status":"publish","type":"post","link":"http:\/\/desarrollo.grupomedios.com\/futbol\/futbol-internacional\/roban-casa-luis-figo-en-madrid\/2016\/11","title":{"rendered":"Roban casa de Luis Figo en Madrid"},"content":{"rendered":"<p>El exjugador de f\u00fatbol <strong>Luis Figo<\/strong> ha denunciado el robo en su vivienda de Madrid de relojes y joyas por valor de unos 500.000 euros, han informado a Efe fuentes policiales.<\/p>\n<p>Las mismas fuentes han precisado que los ladrones entraron por la terraza de la vivienda por el m\u00e9todo de escalo y se apoderaron de numerosos efectos de valor del exfutbolista lisboeta.<\/p>\n<p style=\"text-align: center;\"><span style=\"color: #3366ff;\"><a style=\"color: #3366ff;\" href=\"https:\/\/www.futboltotal.com.mx\/2016\/11\/resultados-champions-league-rostov-3-2-bayern-munich\/\">LEER M\u00c1S: Bayern M\u00fanich cae en la congeladora del Rostov<\/a><\/span><\/p>\n<p>El robo, que se produjo cuando el futbolista y su esposa, la modelo sueca Helen Suedin, se encontraban fuera de casa, tuvo lugar en el chal\u00e9 que la pareja tiene en la zona de Parque del Conde Orgaz, en el distrito madrile\u00f1o de Hortaleza.<br \/>\nFue anoche cuando <strong>Figo<\/strong>, de 44 a\u00f1os, denunci\u00f3 los hechos en comisar\u00eda, han se\u00f1alado las mismas fuentes.<\/p>\n<p>El que fuera delantero del Real Madrid y del Barcelona ya fue objeto en 2003 de otro robo en su vivienda que fue esclarecido por la polic\u00eda, que recuper\u00f3 los objetos que se hab\u00edan sustra\u00eddo y detuvo a dos de los supuestos autores, miembros de una banda especializada en robos con fuerza. EFE<\/p>\n","protected":false},"excerpt":{"rendered":"<p>Figo perdi\u00f3 relojes y joyas con valor de unos 500.000 euros.<\/p>\n","protected":false},"author":144,"featured_media":414350,"comment_status":"closed","ping_status":"closed","sticky":false,"template":"","format":"standard","meta":[],"categories":[5419,3839],"tags":[1165],"_links":{"self":[{"href":"http:\/\/desarrollo.grupomedios.com\/futbol\/wp-json\/wp\/v2\/posts\/444291"}],"collection":[{"href":"http:\/\/desarrollo.grupomedios.com\/futbol\/wp-json\/wp\/v2\/posts"}],"about":[{"href":"http:\/\/desarrollo.grupomedios.com\/futbol\/wp-json\/wp\/v2\/types\/post"}],"author":[{"embeddable":true,"href":"http:\/\/desarrollo.grupomedios.com\/futbol\/wp-json\/wp\/v2\/users\/144"}],"replies":[{"embeddable":true,"href":"http:\/\/desarrollo.grupomedios.com\/futbol\/wp-json\/wp\/v2\/comments?post=444291"}],"version-history":[{"count":0,"href":"http:\/\/desarrollo.grupomedios.com\/futbol\/wp-json\/wp\/v2\/posts\/444291\/revisions"}],"wp:featuredmedia":[{"embeddable":true,"href":"http:\/\/desarrollo.grupomedios.com\/futbol\/wp-json\/wp\/v2\/media\/414350"}],"wp:attachment":[{"href":"http:\/\/desarrollo.grupomedios.com\/futbol\/wp-json\/wp\/v2\/media?parent=444291"}],"wp:term":[{"taxonomy":"category","embeddable":true,"href":"http:\/\/desarrollo.grupomedios.com\/futbol\/wp-json\/wp\/v2\/categories?post=444291"},{"taxonomy":"post_tag","embeddable":true,"href":"http:\/\/desarrollo.grupomedios.com\/futbol\/wp-json\/wp\/v2\/tags?post=444291"}],"curies":[{"name":"wp","href":"https:\/\/api.w.org\/{rel}","templated":true}]}}