{"id":444542,"date":"2016-11-24T08:35:45","date_gmt":"2016-11-24T14:35:45","guid":{"rendered":"https:\/\/www.futboltotal.com.mx\/?p=444542"},"modified":"2016-11-24T10:00:51","modified_gmt":"2016-11-24T16:00:51","slug":"carlos-vela-pider-rezar-en-partido-vs-barcelona","status":"publish","type":"post","link":"http:\/\/desarrollo.grupomedios.com\/futbol\/futbol-internacional\/carlos-vela-pider-rezar-en-partido-vs-barcelona\/2016\/11","title":{"rendered":"Carlos Vela pide &#8220;rezar&#8221; en partido vs. Barcelona"},"content":{"rendered":"<p>El delantero de la Real Sociedad<strong> Carlos Vela<\/strong> conf\u00eda en cosechar un triunfo el pr\u00f3ximo domingo en la liga espa\u00f1ola ante el FC Barcelona, aunque es consciente de que para lograrlo el conjunto vasco tendr\u00e1 que &#8220;dar el m\u00e1ximo esfuerzo y rezar&#8221;.<\/p>\n<blockquote class=\"twitter-tweet\" data-width=\"500\">\n<p lang=\"es\" dir=\"ltr\">Aqu\u00ed os dejamos diez curiosidades de los dos equipos: <a href=\"https:\/\/t.co\/LO4oV5DOqn\">https:\/\/t.co\/LO4oV5DOqn<\/a> <a href=\"https:\/\/twitter.com\/hashtag\/RealSociedad?src=hash\">#RealSociedad<\/a> <a href=\"https:\/\/t.co\/vlO30tf8yr\">pic.twitter.com\/vlO30tf8yr<\/a><\/p>\n<p>&mdash; Real Sociedad F\u00fatbol (@RealSociedad) <a href=\"https:\/\/twitter.com\/RealSociedad\/status\/801781160930066432\">November 24, 2016<\/a><\/p><\/blockquote>\n<p><script async src=\"\/\/platform.twitter.com\/widgets.js\" charset=\"utf-8\"><\/script><\/p>\n<p>El delantero mexicano es consciente de las diferencias entre ambos conjuntos pero no descarta la victoria, como en las temporadas anteriores, porque su equipo llega en un gran momento a pesar de que enfrente est\u00e1 uno de los mejores conjuntos a nivel intercontinental.<\/p>\n<p>&#8220;Jugar contra el Bar\u00e7a es una motivaci\u00f3n extra porque es de los mejores equipos del mundo y sabemos lo que repercute jugar contra ellos. Llevamos una buena racha y hay que afrontar el partido de la mejor manera&#8221;, ha declarado <strong>Vela<\/strong> tras el entrenamiento de hoy en Zubieta.<\/p>\n<p>Ha reconocido que en condiciones normales la victoria se ir\u00e1 a Barcelona porque &#8220;si ellos tienen su d\u00eda y hacen todo bien te pueden pasar por encima&#8221;.<\/p>\n<p style=\"text-align: center;\"><span style=\"color: #3366ff;\"><a style=\"color: #3366ff;\" href=\"https:\/\/www.futboltotal.com.mx\/2016\/11\/cristiano-messi-james-neymar-juntos-en-alineacion-lujo\/\">LEER M\u00c1S: \u00a1Cristiano y Messi, juntos en alineaci\u00f3n de lujo!<\/a><\/span><\/p>\n<p>Vela cree que si finalmente llega la derrota los donostiarras tienen que hacer todo lo posible en el campo para quedarse &#8220;con la conciencia tranquila, si hay recompensa mejor y si no hay que quedarse con lo positivo de todo&#8221;.<\/p>\n<p><strong>Carlos Vela<\/strong> vive un buen momento en el plano deportivo y excepcional en el personal tras haber sido padre.<\/p>\n<p>Recuerda, en este sentido, que para \u00e9l &#8220;lo principal es la vida y no el f\u00fatbol&#8221; y que &#8220;para ser feliz en el f\u00fatbol hay que serlo tambi\u00e9n en la vida&#8221;. EFE<\/p>\n","protected":false},"excerpt":{"rendered":"<p>El &#8216;Bombardero&#8217; conf\u00eda en sacar un buen resultado ante los Blaugranas.<\/p>\n","protected":false},"author":144,"featured_media":433785,"comment_status":"closed","ping_status":"closed","sticky":false,"template":"","format":"standard","meta":[],"categories":[3839,3844,5951],"tags":[6048,102],"_links":{"self":[{"href":"http:\/\/desarrollo.grupomedios.com\/futbol\/wp-json\/wp\/v2\/posts\/444542"}],"collection":[{"href":"http:\/\/desarrollo.grupomedios.com\/futbol\/wp-json\/wp\/v2\/posts"}],"about":[{"href":"http:\/\/desarrollo.grupomedios.com\/futbol\/wp-json\/wp\/v2\/types\/post"}],"author":[{"embeddable":true,"href":"http:\/\/desarrollo.grupomedios.com\/futbol\/wp-json\/wp\/v2\/users\/144"}],"replies":[{"embeddable":true,"href":"http:\/\/desarrollo.grupomedios.com\/futbol\/wp-json\/wp\/v2\/comments?post=444542"}],"version-history":[{"count":0,"href":"http:\/\/desarrollo.grupomedios.com\/futbol\/wp-json\/wp\/v2\/posts\/444542\/revisions"}],"wp:featuredmedia":[{"embeddable":true,"href":"http:\/\/desarrollo.grupomedios.com\/futbol\/wp-json\/wp\/v2\/media\/433785"}],"wp:attachment":[{"href":"http:\/\/desarrollo.grupomedios.com\/futbol\/wp-json\/wp\/v2\/media?parent=444542"}],"wp:term":[{"taxonomy":"category","embeddable":true,"href":"http:\/\/desarrollo.grupomedios.com\/futbol\/wp-json\/wp\/v2\/categories?post=444542"},{"taxonomy":"post_tag","embeddable":true,"href":"http:\/\/desarrollo.grupomedios.com\/futbol\/wp-json\/wp\/v2\/tags?post=444542"}],"curies":[{"name":"wp","href":"https:\/\/api.w.org\/{rel}","templated":true}]}}