{"id":444549,"date":"2016-11-24T09:45:22","date_gmt":"2016-11-24T15:45:22","guid":{"rendered":"https:\/\/www.futboltotal.com.mx\/?p=444549"},"modified":"2016-11-24T11:39:42","modified_gmt":"2016-11-24T17:39:42","slug":"steven-gerrard-anuncia-retiro","status":"publish","type":"post","link":"http:\/\/desarrollo.grupomedios.com\/futbol\/destacado-home\/steven-gerrard-anuncia-retiro\/2016\/11","title":{"rendered":"Steven Gerrard dijo adi\u00f3s al futbol"},"content":{"rendered":"<p>El centrocampista ingl\u00e9s Steven Gerrard, antiguo jugador del Liverpool y LA Galaxy, ha anunciado este jueves su retirada del f\u00fatbol profesional despu\u00e9s de 19 a\u00f1os de carrera.<\/p>\n<p>Gerrard, de 36 a\u00f1os, el cuarto jugador que m\u00e1s veces ha vestido la camiseta de Inglaterra -114 partidos, s\u00f3lo por detr\u00e1s de Peter Shilton, Wayne Rooney y David Beckham-, disput\u00f3 710 encuentros con el Liverpool, antes de recalar en 2015 en el LA Galaxy de la MLS estadounidense.<\/p>\n<p style=\"text-align: center;\"><a href=\"https:\/\/www.futboltotal.com.mx\/futbol-internacional\/\"><span style=\"color: #3366ff;\">LEER M\u00c1S: Todas las noticias de futbol internacional\u00a0<\/span><\/a><\/p>\n<blockquote class=\"twitter-tweet\" data-width=\"500\">\n<p lang=\"en\" dir=\"ltr\">Steven Gerrard confirms retirement from professional football.<a href=\"https:\/\/t.co\/9Bkz4QSgnP\">https:\/\/t.co\/9Bkz4QSgnP<\/a><\/p>\n<p>&mdash; Liverpool FC (@LFC) <a href=\"https:\/\/twitter.com\/LFC\/status\/801758401889898496\">November 24, 2016<\/a><\/p><\/blockquote>\n<p><script async src=\"\/\/platform.twitter.com\/widgets.js\" charset=\"utf-8\"><\/script><\/p>\n<blockquote><p>&#8220;Me siento tremendamente afortunado de haber experimentado tantas cosas positivas durante mi carrera. He tenido una vida profesional incre\u00edble y estoy agradecido por cada momento vivido en el Liverpool, en la selecci\u00f3n inglesa y en el LA Galaxy&#8221;, expres\u00f3 el mediocampista.<\/p>\n<p>&#8220;Cumpl\u00ed mi sue\u00f1o de adolescente al ponerme la famosa camiseta roja del Liverpool y, cuando debut\u00e9 frente al Blackburn Rovers, en noviembre de 1998, nunca podr\u00eda haberme imaginado lo que continuar\u00eda en los siguientes 18 a\u00f1os&#8221;, prosigui\u00f3.<\/p><\/blockquote>\n<p>Desde su debut con el equipo de Anfield, un 29 de noviembre de 1998, en un partido de liga frente al Rovers, cuando sustituy\u00f3 al noruego Vegard Heggem, Gerrard disput\u00f3 710 encuentros con la ic\u00f3nica camiseta &#8216;Red&#8217;.<a href=\"https:\/\/www.futboltotal.com.mx\/wp-content\/uploads\/2016\/11\/Stecven-Gerrard.jpg\"><img decoding=\"async\" loading=\"lazy\" class=\"alignnone size-full wp-image-444550\" src=\"https:\/\/www.futboltotal.com.mx\/wp-content\/uploads\/2016\/11\/Stecven-Gerrard.jpg\" alt=\"stecven-gerrard\" srcset=\"http:\/\/desarrollo.grupomedios.com\/futbol\/wp-content\/uploads\/2016\/11\/Stecven-Gerrard.jpg 800w, http:\/\/desarrollo.grupomedios.com\/futbol\/wp-content\/uploads\/2016\/11\/Stecven-Gerrard-300x252.jpg 300w, http:\/\/desarrollo.grupomedios.com\/futbol\/wp-content\/uploads\/2016\/11\/Stecven-Gerrard-768x644.jpg 768w\" sizes=\"(max-width: 800px) 100vw, 800px\" \/><\/a>En sus 17 cursos en Liverpool, el centrocampista gan\u00f3 una Copa de la UEFA, dos Supercopas de Europa, dos Copas de Inglaterra (FA Cup), tres Copas de la Liga y una Community Shield, adem\u00e1s de la Liga de Campeones, conquistada en 2005, en una ya c\u00e9lebre noche en Estambul, en la que el conjunto ingl\u00e9s le remont\u00f3 tres goles al Mil\u00e1n.<\/p>\n<blockquote><p>&#8220;Estoy orgulloso de haber jugado m\u00e1s de 700 partidos en el Liverpool, muchos de ellos como capit\u00e1n, y de haber sido una parte importante a la hora de ayudar al equipo a conseguir grandes t\u00edtulos. Ninguno de ellos m\u00e1s importante que el que conquistamos esa famosa noche en Estambul&#8221;, relat\u00f3.<\/p><\/blockquote>\n<p>El ingl\u00e9s, que capitane\u00f3 a los &#8216;Tres Leones&#8217; en tres grandes torneos, hizo su debut con la absoluta en un partido frente a Ucrania en el a\u00f1o 2000 y marc\u00f3 su primer gol en la victoria un a\u00f1o m\u00e1s tarde en la sonada goleada 1-5 sobre Alemania.<\/p>\n<p><iframe loading=\"lazy\" src=\"https:\/\/www.youtube.com\/embed\/62MvIuqdKR8?feature=oembed\" frameborder=\"0\" allowfullscreen><\/iframe><\/p>\n<blockquote><p>&#8220;En el plano internacional, me siento un privilegiado de haber vestido la camiseta de Inglaterra en 114 ocasiones y de haber capitaneado mi pa\u00eds. Luc\u00ed con orgullo la zamarra inglesa cada vez que la vest\u00ed&#8221;, asegur\u00f3 Gerrard.<\/p><\/blockquote>\n<p>&#8220;Me siento afortunado de haber jugado junto a grandes futbolistas y bajo la direcci\u00f3n de algunos t\u00e9cnicos excepcionales durante mi tiempo en Anfield y me gustar\u00eda darle las gracias a todos y cada uno de ellos&#8221;, se\u00f1al\u00f3.<\/p>\n<p>El veterano centrocampista, que en los \u00faltimos d\u00edas estuvo vinculado con el banquillo vacante del MK Dons, ha asegurado que est\u00e1 &#8220;emocionado por lo que depara el futuro&#8221; y ha dejado claro que quiere seguir ligado al mundo del f\u00fatbol.<\/p>\n<blockquote><p>&#8220;Estoy emocionado por lo que depara el futuro y siento que todav\u00eda tengo mucho que ofrecer a este deporte, de la forma en la que sea. Ahora me estoy tomando un tiempo para evaluar las diferentes opciones que tengo y har\u00e9 un anuncio muy pronto&#8221;, concluy\u00f3 Gerrard<\/p><\/blockquote>\n","protected":false},"excerpt":{"rendered":"<p>La leyenda del Liverpool y de la selecci\u00f3n inglesa se marcha tras 19 a\u00f1os en el futbol.<\/p>\n","protected":false},"author":20,"featured_media":444551,"comment_status":"closed","ping_status":"closed","sticky":false,"template":"","format":"standard","meta":[],"categories":[5,3839,3846],"tags":[5989,560],"_links":{"self":[{"href":"http:\/\/desarrollo.grupomedios.com\/futbol\/wp-json\/wp\/v2\/posts\/444549"}],"collection":[{"href":"http:\/\/desarrollo.grupomedios.com\/futbol\/wp-json\/wp\/v2\/posts"}],"about":[{"href":"http:\/\/desarrollo.grupomedios.com\/futbol\/wp-json\/wp\/v2\/types\/post"}],"author":[{"embeddable":true,"href":"http:\/\/desarrollo.grupomedios.com\/futbol\/wp-json\/wp\/v2\/users\/20"}],"replies":[{"embeddable":true,"href":"http:\/\/desarrollo.grupomedios.com\/futbol\/wp-json\/wp\/v2\/comments?post=444549"}],"version-history":[{"count":0,"href":"http:\/\/desarrollo.grupomedios.com\/futbol\/wp-json\/wp\/v2\/posts\/444549\/revisions"}],"wp:featuredmedia":[{"embeddable":true,"href":"http:\/\/desarrollo.grupomedios.com\/futbol\/wp-json\/wp\/v2\/media\/444551"}],"wp:attachment":[{"href":"http:\/\/desarrollo.grupomedios.com\/futbol\/wp-json\/wp\/v2\/media?parent=444549"}],"wp:term":[{"taxonomy":"category","embeddable":true,"href":"http:\/\/desarrollo.grupomedios.com\/futbol\/wp-json\/wp\/v2\/categories?post=444549"},{"taxonomy":"post_tag","embeddable":true,"href":"http:\/\/desarrollo.grupomedios.com\/futbol\/wp-json\/wp\/v2\/tags?post=444549"}],"curies":[{"name":"wp","href":"https:\/\/api.w.org\/{rel}","templated":true}]}}