{"id":444569,"date":"2016-11-24T11:00:40","date_gmt":"2016-11-24T17:00:40","guid":{"rendered":"https:\/\/www.futboltotal.com.mx\/?p=444569"},"modified":"2016-11-24T11:38:40","modified_gmt":"2016-11-24T17:38:40","slug":"klopp-abre-la-puerta-del-liverpool-a-gerrard","status":"publish","type":"post","link":"http:\/\/desarrollo.grupomedios.com\/futbol\/futbol-internacional\/klopp-abre-la-puerta-del-liverpool-a-gerrard\/2016\/11","title":{"rendered":"Klopp abre la puerta del Liverpool a Gerrard"},"content":{"rendered":"<p>El entrenador del Liverpool, el alem\u00e1n <strong>J\u00fcrgen Klopp<\/strong>, ha asegurado este jueves que<strong> Steven Gerrard<\/strong>, quien anunci\u00f3 hoy su retirada del f\u00fatbol profesional, tendr\u00e1 siempre &#8220;la puerta abierta&#8221; del club ingl\u00e9s.<\/p>\n<blockquote><p>&#8220;La puerta siempre estar\u00e1 abierta para \u00e9l&#8221;, respondi\u00f3 <strong>Klopp<\/strong> al ser preguntado sobre la posible llegada de Gerrard al cuerpo t\u00e9cnico de los <em>Reds<\/em>. &#8220;Tome la decisi\u00f3n que tome, nosotros estaremos ah\u00ed para apoyarlo. Aparte de eso, no puedo decir mucho m\u00e1s&#8221;, se\u00f1al\u00f3.<\/p><\/blockquote>\n<p style=\"text-align: center;\"><a href=\"https:\/\/www.futboltotal.com.mx\/futbol-internacional\/\"><span style=\"color: #3366ff;\">LEER M\u00c1S: Steven Gerrard dice adi\u00f3s al futbol tras 19 a\u00f1os<\/span><\/a><\/p>\n<p>El preparador alem\u00e1n reiter\u00f3 que no han negociado con el ya exjugador para que regrese al club, al tiempo que inst\u00f3 a los medios de comunicaci\u00f3n a que le den tiempo para que tome la decisi\u00f3n correcta en lo referente a su futuro.<\/p>\n<blockquote><p>&#8220;Lo primero que todos deber\u00edan hacer si quieren ayudar a Gerrard es estar menos emocionados sobre el siguiente paso que dar\u00e1. En la vida uno necesita espacio para tomar decisiones nuevas&#8221;, afirm\u00f3 Klopp.<\/p><\/blockquote>\n<p>El veterano centrocampista ha se\u00f1alado que est\u00e1 &#8220;emocionado por lo que depara el futuro&#8221; y ha dejado claro que quiere seguir ligado al mundo del f\u00fatbol, despu\u00e9s de haber pasado 17 temporadas en Anfield,<strong> en las que\u00a0g<\/strong>an\u00f3 una Copa de la UEFA, dos Supercopas de Europa, dos Copas de Inglaterra (FA Cup), tres Copas de la Liga y una Community Shield, adem\u00e1s de la Liga de Campeones en 2005,<\/p>\n<p>&nbsp;<\/p>\n<p>&nbsp;<\/p>\n","protected":false},"excerpt":{"rendered":"<p>El DT alem\u00e1n se\u00f1al\u00f3 que hay posibilidades para que Steven vuelva a Anfield.<\/p>\n","protected":false},"author":20,"featured_media":444571,"comment_status":"closed","ping_status":"closed","sticky":false,"template":"","format":"standard","meta":[],"categories":[3839,3846,5951],"tags":[5989,560],"_links":{"self":[{"href":"http:\/\/desarrollo.grupomedios.com\/futbol\/wp-json\/wp\/v2\/posts\/444569"}],"collection":[{"href":"http:\/\/desarrollo.grupomedios.com\/futbol\/wp-json\/wp\/v2\/posts"}],"about":[{"href":"http:\/\/desarrollo.grupomedios.com\/futbol\/wp-json\/wp\/v2\/types\/post"}],"author":[{"embeddable":true,"href":"http:\/\/desarrollo.grupomedios.com\/futbol\/wp-json\/wp\/v2\/users\/20"}],"replies":[{"embeddable":true,"href":"http:\/\/desarrollo.grupomedios.com\/futbol\/wp-json\/wp\/v2\/comments?post=444569"}],"version-history":[{"count":0,"href":"http:\/\/desarrollo.grupomedios.com\/futbol\/wp-json\/wp\/v2\/posts\/444569\/revisions"}],"wp:featuredmedia":[{"embeddable":true,"href":"http:\/\/desarrollo.grupomedios.com\/futbol\/wp-json\/wp\/v2\/media\/444571"}],"wp:attachment":[{"href":"http:\/\/desarrollo.grupomedios.com\/futbol\/wp-json\/wp\/v2\/media?parent=444569"}],"wp:term":[{"taxonomy":"category","embeddable":true,"href":"http:\/\/desarrollo.grupomedios.com\/futbol\/wp-json\/wp\/v2\/categories?post=444569"},{"taxonomy":"post_tag","embeddable":true,"href":"http:\/\/desarrollo.grupomedios.com\/futbol\/wp-json\/wp\/v2\/tags?post=444569"}],"curies":[{"name":"wp","href":"https:\/\/api.w.org\/{rel}","templated":true}]}}