{"id":444573,"date":"2016-11-24T11:32:16","date_gmt":"2016-11-24T17:32:16","guid":{"rendered":"https:\/\/www.futboltotal.com.mx\/?p=444573"},"modified":"2016-11-24T11:38:10","modified_gmt":"2016-11-24T17:38:10","slug":"bale-se-pierde-mundial-de-clubes","status":"publish","type":"post","link":"http:\/\/desarrollo.grupomedios.com\/futbol\/futbol-internacional\/bale-se-pierde-mundial-de-clubes\/2016\/11","title":{"rendered":"Bale se pierde Mundial de Clubes"},"content":{"rendered":"<p>Gareth<strong> Bale<\/strong>, delantero del<strong>\u00a0Real Madrid<\/strong>, ser\u00e1 operado tras haber sufrido una lesi\u00f3n en el tobillo derecho en el partido de Champions League ante el Sporting. El gal\u00e9s estar\u00e1 fuera de cuatro a seis semanas y se perder\u00e1 el Mundial de Clubes 2016 en Jap\u00f3n.<\/p>\n<p>Tras una primera revisi\u00f3n m\u00e9dica que determin\u00f3 una luxaci\u00f3n traum\u00e1tica de los tendones peroneos en el tobillo derecho, este jueves, los <em>Merengues<\/em>\u00a0confirmaron que el gal\u00e9s tendr\u00e1 que pasar por el quir\u00f3fano el pr\u00f3ximo 29 de noviembre.<\/p>\n<p style=\"text-align: center;\"><a href=\"https:\/\/www.futboltotal.com.mx\/futbol-internacional\/\"><span style=\"color: #3366ff;\">LEER M\u00c1S: Todas las noticias de futbol internacional<\/span><\/a><\/p>\n<blockquote class=\"twitter-tweet\" data-width=\"500\">\n<p lang=\"es\" dir=\"ltr\">Nuevo parte m\u00e9dico de Bale.<a href=\"https:\/\/t.co\/3mIXgxCPyc\">https:\/\/t.co\/3mIXgxCPyc<\/a><a href=\"https:\/\/twitter.com\/hashtag\/RealMadrid?src=hash\">#RealMadrid<\/a> <a href=\"https:\/\/t.co\/bhRfHb7Q7a\">pic.twitter.com\/bhRfHb7Q7a<\/a><\/p>\n<p>&mdash; Real Madrid C. F. (@realmadrid) <a href=\"https:\/\/twitter.com\/realmadrid\/status\/801755985832448000\">November 24, 2016<\/a><\/p><\/blockquote>\n<p><script async src=\"\/\/platform.twitter.com\/widgets.js\" charset=\"utf-8\"><\/script><\/p>\n<p>&nbsp;<\/p>\n<blockquote><p>&#8220;Los Servicios M\u00e9dicos del Real Madrid Sanitas han decidido la intervenci\u00f3n quir\u00fargica de nuestro jugador Gareth Bale como consecuencia de la lesi\u00f3n traum\u00e1tica de los tendones peroneos de su tobillo derecho&#8221;, explica el comunicado del club<\/p>\n<p>&#8220;La operaci\u00f3n se llevar\u00e1 a cabo en el King Edward VII Hospital de Londres el martes 29 de noviembre por el doctor James Calder, bajo la supervisi\u00f3n de los doctores del club Jes\u00fas Olmo y Mikel Aramberri&#8221;.<\/p><\/blockquote>\n<p>El Real Madrid volver\u00e1 a emitir un comunicado tras la operaci\u00f3n de\u00a0<strong>Gareth Bale<\/strong>\u00a0para confirmar el tiempo que estar\u00e1 de baja; sin embargo desde ahora se sabe que una operaci\u00f3n de esta clase dejar\u00e1 al gal\u00e9s fuera de actividad al menos mes y medio, por lo que ser\u00e1 hasta el pr\u00f3ximo a\u00f1o cuando pueda regresar a las canchas.<\/p>\n","protected":false},"excerpt":{"rendered":"<p>Una lesi\u00f3n en el tobillo derecho obligar\u00e1 al gal\u00e9s a pasar por el quir\u00f3fano.<\/p>\n","protected":false},"author":20,"featured_media":444576,"comment_status":"closed","ping_status":"closed","sticky":false,"template":"","format":"standard","meta":[],"categories":[3841,3839,3844,5951],"tags":[6043,5988],"_links":{"self":[{"href":"http:\/\/desarrollo.grupomedios.com\/futbol\/wp-json\/wp\/v2\/posts\/444573"}],"collection":[{"href":"http:\/\/desarrollo.grupomedios.com\/futbol\/wp-json\/wp\/v2\/posts"}],"about":[{"href":"http:\/\/desarrollo.grupomedios.com\/futbol\/wp-json\/wp\/v2\/types\/post"}],"author":[{"embeddable":true,"href":"http:\/\/desarrollo.grupomedios.com\/futbol\/wp-json\/wp\/v2\/users\/20"}],"replies":[{"embeddable":true,"href":"http:\/\/desarrollo.grupomedios.com\/futbol\/wp-json\/wp\/v2\/comments?post=444573"}],"version-history":[{"count":0,"href":"http:\/\/desarrollo.grupomedios.com\/futbol\/wp-json\/wp\/v2\/posts\/444573\/revisions"}],"wp:featuredmedia":[{"embeddable":true,"href":"http:\/\/desarrollo.grupomedios.com\/futbol\/wp-json\/wp\/v2\/media\/444576"}],"wp:attachment":[{"href":"http:\/\/desarrollo.grupomedios.com\/futbol\/wp-json\/wp\/v2\/media?parent=444573"}],"wp:term":[{"taxonomy":"category","embeddable":true,"href":"http:\/\/desarrollo.grupomedios.com\/futbol\/wp-json\/wp\/v2\/categories?post=444573"},{"taxonomy":"post_tag","embeddable":true,"href":"http:\/\/desarrollo.grupomedios.com\/futbol\/wp-json\/wp\/v2\/tags?post=444573"}],"curies":[{"name":"wp","href":"https:\/\/api.w.org\/{rel}","templated":true}]}}