{"id":444595,"date":"2016-11-24T14:45:41","date_gmt":"2016-11-24T20:45:41","guid":{"rendered":"https:\/\/www.futboltotal.com.mx\/?p=444595"},"modified":"2016-11-24T15:36:02","modified_gmt":"2016-11-24T21:36:02","slug":"rogerio-ceni-idolo-a-tecnico-del-sao-paulo","status":"publish","type":"post","link":"http:\/\/desarrollo.grupomedios.com\/futbol\/futbol-internacional\/rogerio-ceni-idolo-a-tecnico-del-sao-paulo\/2016\/11","title":{"rendered":"Rogerio Ceni, de \u00eddolo a t\u00e9cnico del Sao Paulo"},"content":{"rendered":"<p>El <strong>Sao Paulo<\/strong> anunci\u00f3 hoy que su \u00eddolo y emblem\u00e1tico excapit\u00e1n Rogerio Ceni es el nuevo t\u00e9cnico del equipo para las dos pr\u00f3ximas temporadas en sustituci\u00f3n de Ricardo Gomes, destituido este mi\u00e9rcoles por los malos resultados.<\/p>\n<p>En un comunicado, el &#8216;tricolor paulista&#8217; oficializ\u00f3 el nombre del exportero de 43 a\u00f1os para comandar el primer equipo a partir del inicio de la pr\u00f3xima temporada.<\/p>\n<p style=\"text-align: center;\"><span style=\"color: #3366ff;\">LEER M\u00c1S: Todas las noticias de futbol internacional\u00a0<\/span><\/p>\n<blockquote class=\"twitter-tweet\" data-lang=\"es\">\n<p dir=\"ltr\" lang=\"pt\">\u00c9 ELE <a href=\"https:\/\/twitter.com\/hashtag\/Isso%C3%89S%C3%A3oPaulo?src=hash\">#Isso\u00c9S\u00e3oPaulo<\/a> #01<br \/>\nRog\u00e9rio Ceni \u00e9 o novo t\u00e9cnico do S\u00e3o Paulo <a href=\"https:\/\/t.co\/TNAcfFD4gT\">https:\/\/t.co\/TNAcfFD4gT<\/a> <a href=\"https:\/\/t.co\/J7eG1CPqGd\">pic.twitter.com\/J7eG1CPqGd<\/a><\/p>\n<p>\u2014 S\u00e3o Paulo FC (@SaoPauloFC) <a href=\"https:\/\/twitter.com\/SaoPauloFC\/status\/801838243322982400\">24 de noviembre de 2016<\/a><\/p><\/blockquote>\n<p><script async src=\"\/\/platform.twitter.com\/widgets.js\" charset=\"utf-8\"><\/script><\/p>\n<blockquote><p>&#8220;Rog\u00e9rio Ceni siempre fue un protagonista. En los \u00faltimos doce meses, mostr\u00f3 ambici\u00f3n en cualificarse para una nueva funci\u00f3n en el f\u00fatbol, estudi\u00f3 con los mejores del mundo y nos convenci\u00f3 al presentar un proyecto consistente y contempor\u00e1neo de f\u00fatbol&#8221;, declar\u00f3 el presidente del club, Carlos Augusto de Barros e Silva.<\/p><\/blockquote>\n<p>Seg\u00fan el directivo, Rogerio Ceni &#8220;es una figura de enorme importancia para el club que llega con la determinaci\u00f3n de ser el mejor nuevamente, esta vez como entrenador&#8221;.<\/p>\n<p>El portero con m\u00e1s goles anotados en la historia del balompi\u00e9 mundial se\u00f1al\u00f3 que &#8220;el gran secreto del f\u00fatbol es administrar personas y relacionarse bien con sus jugadores. Son ellos los que pueden hacer diferencia&#8221;.<\/p>\n<blockquote><p>&#8220;Quiero que ellos vean el f\u00fatbol de la manera como yo lo ve\u00eda cuando jugaba. Quiero un equipo vencedor, que tenga una mentalidad vencedora. Tengo la seguridad de que ellos van a entender eso, ya conozco muchos de ellos y s\u00e9 de la mentalidad vencedora que ellos tienen&#8221;, agreg\u00f3 el portero.<\/p><\/blockquote>\n<blockquote class=\"twitter-tweet\" data-width=\"500\">\n<p lang=\"pt\" dir=\"ltr\">&quot;Espero estar \u00e0 altura do S\u00e3o Paulo&quot; #01 <a href=\"https:\/\/t.co\/R3A1eTuf5N\">https:\/\/t.co\/R3A1eTuf5N<\/a> <a href=\"https:\/\/t.co\/Dj0abhopHi\">pic.twitter.com\/Dj0abhopHi<\/a><\/p>\n<p>&mdash; S\u00e3o Paulo FC (@SaoPauloFC) <a href=\"https:\/\/twitter.com\/SaoPauloFC\/status\/801874454733324288\">November 24, 2016<\/a><\/p><\/blockquote>\n<p><script async src=\"\/\/platform.twitter.com\/widgets.js\" charset=\"utf-8\"><\/script><\/p>\n<p>El nuevo entrenador tendr\u00e1 reuniones en las pr\u00f3ximas semanas con la junta directiva para definir la planificaci\u00f3n de 2017 y la contrataci\u00f3n de refuerzos.<\/p>\n<p>La primera competici\u00f3n del Sao Paulo en 2017 ser\u00e1 la Copa Florida, en enero en Estados Unidos.<\/p>\n<p>Titular indiscutible del Sao Paulo, el \u00fanico club al que defendi\u00f3 durante 23 a\u00f1os, Rogerio Ceni colg\u00f3 las botas como portero en diciembre de 2015, despu\u00e9s de 1.237 partidos disputados en sus 25 a\u00f1os de carrera, en los que conquist\u00f3 18 t\u00edtulos y adem\u00e1s marc\u00f3 131 goles.<\/p>\n<p>El mi\u00e9rcoles, el Sao Paulo hab\u00eda anunciado la destituci\u00f3n del entrenador Ricardo Gomes, despu\u00e9s de una floja campa\u00f1a del equipo que, con 46 puntos en su casillero, ocupa la decimotercera posici\u00f3n de la liga local.<\/p>\n","protected":false},"excerpt":{"rendered":"<p>El m\u00edtico exarquero dirigir\u00e1 al club en el que fue goleador y capit\u00e1n.<\/p>\n","protected":false},"author":20,"featured_media":444600,"comment_status":"closed","ping_status":"closed","sticky":false,"template":"","format":"standard","meta":[],"categories":[3839,5951],"tags":[2620,2093],"_links":{"self":[{"href":"http:\/\/desarrollo.grupomedios.com\/futbol\/wp-json\/wp\/v2\/posts\/444595"}],"collection":[{"href":"http:\/\/desarrollo.grupomedios.com\/futbol\/wp-json\/wp\/v2\/posts"}],"about":[{"href":"http:\/\/desarrollo.grupomedios.com\/futbol\/wp-json\/wp\/v2\/types\/post"}],"author":[{"embeddable":true,"href":"http:\/\/desarrollo.grupomedios.com\/futbol\/wp-json\/wp\/v2\/users\/20"}],"replies":[{"embeddable":true,"href":"http:\/\/desarrollo.grupomedios.com\/futbol\/wp-json\/wp\/v2\/comments?post=444595"}],"version-history":[{"count":0,"href":"http:\/\/desarrollo.grupomedios.com\/futbol\/wp-json\/wp\/v2\/posts\/444595\/revisions"}],"wp:featuredmedia":[{"embeddable":true,"href":"http:\/\/desarrollo.grupomedios.com\/futbol\/wp-json\/wp\/v2\/media\/444600"}],"wp:attachment":[{"href":"http:\/\/desarrollo.grupomedios.com\/futbol\/wp-json\/wp\/v2\/media?parent=444595"}],"wp:term":[{"taxonomy":"category","embeddable":true,"href":"http:\/\/desarrollo.grupomedios.com\/futbol\/wp-json\/wp\/v2\/categories?post=444595"},{"taxonomy":"post_tag","embeddable":true,"href":"http:\/\/desarrollo.grupomedios.com\/futbol\/wp-json\/wp\/v2\/tags?post=444595"}],"curies":[{"name":"wp","href":"https:\/\/api.w.org\/{rel}","templated":true}]}}