{"id":444602,"date":"2016-11-24T15:42:34","date_gmt":"2016-11-24T21:42:34","guid":{"rendered":"https:\/\/www.futboltotal.com.mx\/?p=444602"},"modified":"2016-12-04T18:38:54","modified_gmt":"2016-12-05T00:38:54","slug":"santos-traspasa-a-bravo-e-hiniestroza","status":"publish","type":"post","link":"http:\/\/desarrollo.grupomedios.com\/futbol\/futbol-mexicano\/santos-traspasa-a-bravo-e-hiniestroza\/2016\/11","title":{"rendered":"Santos traspasa a Bravo e Hiniestroza"},"content":{"rendered":"<p>Solo cuatro d\u00edas despu\u00e9s de haber concluido su participaci\u00f3n en el torneo Apertura 2016, el club<strong> Santos Laguna<\/strong> ha confirmado las dos primeras bajas que tendr\u00e1 para el pr\u00f3ximo semestre. Se trata del delantero argentino Mart\u00edn Bravo y el colombiano Fredy Hiniestroza, quienes han sido transferidos al Veracruz.<\/p>\n<p>La directiva del conjunto <em>lagunero<\/em>\u00a0inform\u00f3 este jueves que alcanz\u00f3 un acuerdo con los <em>Tiburones Rojos<\/em> para que\u00a0ambos jugadores lleguen al puerto en calidad de compra definitiva. Esta operaci\u00f3n fue confirmada momentos despu\u00e9s de que la escuadra <em>santista\u00a0<\/em><a href=\"https:\/\/www.futboltotal.com.mx\/2016\/11\/santos-anuncio-primer-fichaje-julio-furch-llega-a-la-laguna\/\">oficializar\u00e1 la llegada de Julio C\u00e9sar Furch como su primer refuerzo para el Clausura 2017.<\/a><\/p>\n<p style=\"text-align: center;\"><span style=\"color: #3366ff;\"><a style=\"color: #3366ff;\" href=\"https:\/\/www.futboltotal.com.mx\/2016\/11\/futbol-estufa-rumbo-clausura-2017-liga-mx\/\">LEER M\u00c1S: Futbol de Estufa previo al Clausura 2017<\/a><\/span><\/p>\n<p style=\"text-align: left;\"><strong>Mart\u00edn Bravo\u00a0<\/strong>se marcha tras haber jugado un a\u00f1o con los de <em>La Comarca<\/em> y en el que mostr\u00f3 un rendimiento m\u00e1s que discreto. Disput\u00f3 un total de 33 partidos (30 de liga y 3 de copa) en los que solo marc\u00f3 siete goles. El Veracruz ser\u00e1 su quinto club en el futbol mexicano y habr\u00e1 que ver si con 30 a\u00f1os es capaz de lograr su mejor versi\u00f3n, la cual solo mostr\u00f3 en el Clausura 2014 con Pumas, al marcar nueve goles en 11 cotejos.<\/p>\n<p style=\"text-align: left;\">En tanto, <strong>Fredy Hiniestroza\u00a0<\/strong>se marcha tras un paso ef\u00edmero de solo seis meses y estuvo lejos de ser una de las contrataciones m\u00e1s rentables. Lleg\u00f3 para el torneo pasado,\u00a0desempacado del balompi\u00e9 espa\u00f1ol, donde milit\u00f3 en el Getafe (Primer Divisi\u00f3n) y Real Zaragoza (Segunda Divisi\u00f3n), pero para su mala fortuna no logr\u00f3 convencer al entrenador Jos\u00e9 Manuel de la Torre. Solo disput\u00f3 14 duelos y no hizo ning\u00fan gol.<\/p>\n<p style=\"text-align: left;\">Bravo e Hiniestroza se convierten en los dos primeros refuerzos del Veracruz para el pr\u00f3ximo torneo y queda pendiente que el Santos de a conocer la lista de transferibles para el Clausura 2017.<\/p>\n","protected":false},"excerpt":{"rendered":"<p>Los Laguneros confirman el nuevo destino del ariete argentino y el medio colombiano.<\/p>\n","protected":false},"author":20,"featured_media":444624,"comment_status":"closed","ping_status":"closed","sticky":false,"template":"","format":"standard","meta":[],"categories":[2198,3845,5950],"tags":[7732,4847,738,64,5972,174,643,6049],"_links":{"self":[{"href":"http:\/\/desarrollo.grupomedios.com\/futbol\/wp-json\/wp\/v2\/posts\/444602"}],"collection":[{"href":"http:\/\/desarrollo.grupomedios.com\/futbol\/wp-json\/wp\/v2\/posts"}],"about":[{"href":"http:\/\/desarrollo.grupomedios.com\/futbol\/wp-json\/wp\/v2\/types\/post"}],"author":[{"embeddable":true,"href":"http:\/\/desarrollo.grupomedios.com\/futbol\/wp-json\/wp\/v2\/users\/20"}],"replies":[{"embeddable":true,"href":"http:\/\/desarrollo.grupomedios.com\/futbol\/wp-json\/wp\/v2\/comments?post=444602"}],"version-history":[{"count":0,"href":"http:\/\/desarrollo.grupomedios.com\/futbol\/wp-json\/wp\/v2\/posts\/444602\/revisions"}],"wp:featuredmedia":[{"embeddable":true,"href":"http:\/\/desarrollo.grupomedios.com\/futbol\/wp-json\/wp\/v2\/media\/444624"}],"wp:attachment":[{"href":"http:\/\/desarrollo.grupomedios.com\/futbol\/wp-json\/wp\/v2\/media?parent=444602"}],"wp:term":[{"taxonomy":"category","embeddable":true,"href":"http:\/\/desarrollo.grupomedios.com\/futbol\/wp-json\/wp\/v2\/categories?post=444602"},{"taxonomy":"post_tag","embeddable":true,"href":"http:\/\/desarrollo.grupomedios.com\/futbol\/wp-json\/wp\/v2\/tags?post=444602"}],"curies":[{"name":"wp","href":"https:\/\/api.w.org\/{rel}","templated":true}]}}