{"id":444863,"date":"2016-11-25T09:22:41","date_gmt":"2016-11-25T15:22:41","guid":{"rendered":"https:\/\/www.futboltotal.com.mx\/?p=444863"},"modified":"2016-11-25T10:39:43","modified_gmt":"2016-11-25T16:39:43","slug":"demandan-a-la-uefa-gol-ramos-en-la-final-ante-atletico","status":"publish","type":"post","link":"http:\/\/desarrollo.grupomedios.com\/futbol\/futbol-internacional\/demandan-a-la-uefa-gol-ramos-en-la-final-ante-atletico\/2016\/11","title":{"rendered":"Demandan a UEFA por gol de Ramos en final ante Atl\u00e9tico"},"content":{"rendered":"<p>Han pasado ya casi seis meses desde la final de la Champions League que el Real <strong>Madrid<\/strong> le gan\u00f3 al Atl\u00e9tico de <strong>Madrid<\/strong> en Mil\u00e1n, pero para algunos la herida no ha podido cerrar a\u00fan.<\/p>\n<p>Uno de ellos es un aficionado de los <em>Colchoneros<\/em>, que est\u00e1 presentando una demanda bastante fuera de lo com\u00fan, con aquel partido por el t\u00edtulo continental como centro de la controversia.<\/p>\n<p style=\"text-align: center;\"><a href=\"https:\/\/www.futboltotal.com.mx\/2016\/11\/en-vivo-atletico-de-madrid-vs-real-madrid-liga-de-espana\/\" target=\"_blank\"><span style=\"color: #3366ff;\"><strong>LEER M\u00c1S: Atl\u00e9tico de Madrid 0-3 Real Madrid<\/strong><\/span><\/a><\/p>\n<p>Jos\u00e9 Antonio Camp\u00f3n es socio del <em>Atleti<\/em> y, seg\u00fan informa As, present\u00f3 en estos d\u00edas una demanda contra la UEFA, por un motivo completamente inusual.<\/p>\n<p>El aficionado <em>Rojiblanco<\/em> reclama da\u00f1os y perjuicios causados por el gol que el Madridista Sergio Ramos anot\u00f3 en la final, para abrir el marcador al minuto 15 del encuentro.<\/p>\n<p><iframe loading=\"lazy\" src=\"https:\/\/www.youtube.com\/embed\/3M7L6rD3g2o\" frameborder=\"0\" allowfullscreen=\"allowfullscreen\"><\/iframe><\/p>\n<p>De acuerdo con el seguidor del cuadro que dirige Diego Simeone, el gol de Ramos \u201calter\u00f3 la competici\u00f3n, beneficiando a uno de los dos equipos\u201d. La demanda de Camp\u00f3n y sus abogados exige 1,660 euros, que corresponden a los 160 de la entrada al partido y 1,500 por lo que consideran da\u00f1os morales provocados por el gol del defensor del <strong>Madrid<\/strong>.<\/p>\n<p>La demanda del aficionado del cuadro del Atl\u00e9tico de <strong>Madrid<\/strong> responsabiliza a la UEFA debido a que no puso \u201ctodos los medios para velar por el cumplimiento del reglamento y elegir personas [el \u00e1rbitro Clattenburg] que no cumplen con su deber como les ser\u00eda exigible\u201d.<\/p>\n<p style=\"text-align: center;\"><a href=\"https:\/\/www.futboltotal.com.mx\/2016\/11\/james-me-quedaba-en-madrid-zidane\/\" target=\"_blank\"><span style=\"color: #3366ff;\"><strong>LEER M\u00c1S: &#8220;Si fuera James, me quedaba en Madrid&#8221;: Zidane<\/strong><\/span><\/a><\/p>\n<p>En una declaraci\u00f3n hecha a As, Camp\u00f3n dej\u00f3 ver que el reclamo tiene que ver con la necesidad de utilizar la tecnolog\u00eda en el futbol: \u201cYa se usa en otros deportes\u201d.<\/p>\n","protected":false},"excerpt":{"rendered":"<p>Por ese gol en presunto fuera de lugar, un fan &#8216;Colchonero&#8217; ha tomado una medida ins\u00f3lita.<\/p>\n","protected":false},"author":20,"featured_media":399977,"comment_status":"closed","ping_status":"closed","sticky":false,"template":"","format":"standard","meta":[],"categories":[3841,3839,3844,5951],"tags":[2047,6007,97,36,2048,2881,5988,6020],"_links":{"self":[{"href":"http:\/\/desarrollo.grupomedios.com\/futbol\/wp-json\/wp\/v2\/posts\/444863"}],"collection":[{"href":"http:\/\/desarrollo.grupomedios.com\/futbol\/wp-json\/wp\/v2\/posts"}],"about":[{"href":"http:\/\/desarrollo.grupomedios.com\/futbol\/wp-json\/wp\/v2\/types\/post"}],"author":[{"embeddable":true,"href":"http:\/\/desarrollo.grupomedios.com\/futbol\/wp-json\/wp\/v2\/users\/20"}],"replies":[{"embeddable":true,"href":"http:\/\/desarrollo.grupomedios.com\/futbol\/wp-json\/wp\/v2\/comments?post=444863"}],"version-history":[{"count":0,"href":"http:\/\/desarrollo.grupomedios.com\/futbol\/wp-json\/wp\/v2\/posts\/444863\/revisions"}],"wp:featuredmedia":[{"embeddable":true,"href":"http:\/\/desarrollo.grupomedios.com\/futbol\/wp-json\/wp\/v2\/media\/399977"}],"wp:attachment":[{"href":"http:\/\/desarrollo.grupomedios.com\/futbol\/wp-json\/wp\/v2\/media?parent=444863"}],"wp:term":[{"taxonomy":"category","embeddable":true,"href":"http:\/\/desarrollo.grupomedios.com\/futbol\/wp-json\/wp\/v2\/categories?post=444863"},{"taxonomy":"post_tag","embeddable":true,"href":"http:\/\/desarrollo.grupomedios.com\/futbol\/wp-json\/wp\/v2\/tags?post=444863"}],"curies":[{"name":"wp","href":"https:\/\/api.w.org\/{rel}","templated":true}]}}