{"id":444864,"date":"2016-11-25T09:15:09","date_gmt":"2016-11-25T15:15:09","guid":{"rendered":"https:\/\/www.futboltotal.com.mx\/?p=444864"},"modified":"2016-11-25T10:37:08","modified_gmt":"2016-11-25T16:37:08","slug":"james-me-quedaba-en-madrid-zidane","status":"publish","type":"post","link":"http:\/\/desarrollo.grupomedios.com\/futbol\/futbol-internacional\/james-me-quedaba-en-madrid-zidane\/2016\/11","title":{"rendered":"&#8220;Si fuera James, me quedaba en Madrid&#8221;: Zidane"},"content":{"rendered":"<p><strong>Zinedine Zidane<\/strong>, t\u00e9cnico del Real Madrid, asegur\u00f3 que si fuera <strong>James Rodr\u00edguez<\/strong> se &#8220;quedar\u00eda en este gran club&#8221; y adelant\u00f3 que &#8220;va a tener minutos&#8221; en los pr\u00f3ximos partidos ante las bajas que sufre por lesi\u00f3n.<\/p>\n<p>La falta de minutos para <strong>James Rodr\u00edguez<\/strong> est\u00e1 marcando la temporada del internacional colombiano. Sin embargo, su entrenador volvi\u00f3 a prometer oportunidades en p\u00fablico y dej\u00f3 claro que no debe pensar en marcharse del Real Madrid en el mercado invernal. &#8220;Si fuera James me quedar\u00eda en este gran club. Va a tener minutos&#8221;, dijo.<\/p>\n<p>Zizou descart\u00f3 que la poca participaci\u00f3n de James sea por falta de actitud o un problema futbol\u00edstico. &#8220;Ninguno de los dos, tengo que tomar decisiones. Creo que James va a tener minutos, es verdad que un jugador de su estatus y categor\u00eda sabemos lo que puede aportar al equipo y \u00e9l es el primero que quiere jugar m\u00e1s, pero tengo que tomar decisiones y va a ser importante para nosotros, tendr\u00e1 minutos&#8221;.<\/p>\n<p>https:\/\/twitter.com\/realmadrid\/status\/802134959649619968<\/p>\n<p>Y dej\u00f3 claro que si no ha venido jugando recientemente es por el nivel que han tenido compa\u00f1eros suyos cuando han tenido la oportunidad de jugar. &#8220;En los \u00faltimos partidos no ha sido su momento, han jugado otros y lo han hecho bien, pero para m\u00ed tambi\u00e9n es un jugador importante&#8221;.<\/p>\n<p>Zidane lament\u00f3 la baja del gal\u00e9s Gareth Bale, que estar\u00e1 cerca de tres meses fuera de los terrenos de juego. &#8220;Para todos es dif\u00edcil ver los lesionados. La gente que trabaja con los jugadores hacen todo lo posible para que no haya lesiones pero a veces no podemos hacer nada, pasan cosas en el campo&#8221;.<\/p>\n<p>&#8220;Ahora lo importante es pensar que lo estamos haciendo bien, es verdad que molesta ver a un jugador fuera lesionado como Gareth, que va a estar mucho tiempo, pero vamos a seguir con nuestro camino, intentar hacer el m\u00e1ximo ma\u00f1ana que es un partido muy complicado tras la entrega de los dos \u00faltimos partidos&#8221;, a\u00f1adi\u00f3.<\/p>\n<p style=\"text-align: center;\"><span style=\"color: #3366ff;\"><a style=\"color: #3366ff;\" href=\"https:\/\/www.futboltotal.com.mx\/2016\/11\/jona-villarreal-dejan-en-aire-pase-en-la-europa-league\/\">LEER M\u00c1S: Jona y Villarreal dejan en el aire su pase en la Europa League<\/a><\/span><\/p>\n<p>Dese\u00f3 que su jugador se recupere muy r\u00e1pido&#8221; y dej\u00f3 claro que todos los m\u00e9dicos que consultaron recomendaron la operaci\u00f3n de Bale. &#8220;Pidiendo opini\u00f3n a todos los mejores, pensaban que lo que hab\u00eda que hacer era operar y al final es lo que vamos a hacer&#8221;.<\/p>\n<p>En la parte positiva, Zidane confirm\u00f3 la recuperaci\u00f3n del portugu\u00e9s Pepe y el brasile\u00f1o Casemiro para medirse al Sporting, aunque no confirm\u00f3 si tendr\u00e1n minutos. &#8220;Est\u00e1n con nosotros los dos porque ya est\u00e1n bien recuperados. Estoy contento de ver que est\u00e1n bien los dos. Si juegan lo veremos ma\u00f1ana&#8221;.<\/p>\n<p>Se mostr\u00f3 preocupado por el cansancio acumulado por sus jugadores tras dos duelos de alta exigencia ante el Atl\u00e9tico de Madrid y el Sporting de Lisboa. &#8220;Acabamos todos cansados despu\u00e9s de dos partidos enormes en Liga y Champions que son muy complicados, por eso estos d\u00edas hemos recuperado energ\u00eda, la vamos a necesitar ma\u00f1ana. El partido ante el Sporting va a ser m\u00e1s complicado de lo que piensa la gente&#8221;.<\/p>\n<p>Y por \u00faltimo, defendi\u00f3 a su compatriota Karim Benzema. &#8220;Todo el mundo va a examinar a Benzema todos los partidos. Tiene que rendir y marcar, \u00e9l lo sabe, es consciente que m\u00e1s que otros. Tiene que seguir haciendo su trabajo por \u00e9l y por el equipo. Siempre habr\u00e1 cr\u00edticas sobre que no tiene sitio en el equipo, que no lo hace bien o que no marca, pero siempre lo hace bien&#8221;. EFE<\/p>\n","protected":false},"excerpt":{"rendered":"<p>El t\u00e9cnico del Madrid espera que el colombiano no salga del club.<\/p>\n","protected":false},"author":144,"featured_media":422556,"comment_status":"closed","ping_status":"closed","sticky":false,"template":"","format":"standard","meta":[],"categories":[3839,5951],"tags":[6082,5988,2943],"_links":{"self":[{"href":"http:\/\/desarrollo.grupomedios.com\/futbol\/wp-json\/wp\/v2\/posts\/444864"}],"collection":[{"href":"http:\/\/desarrollo.grupomedios.com\/futbol\/wp-json\/wp\/v2\/posts"}],"about":[{"href":"http:\/\/desarrollo.grupomedios.com\/futbol\/wp-json\/wp\/v2\/types\/post"}],"author":[{"embeddable":true,"href":"http:\/\/desarrollo.grupomedios.com\/futbol\/wp-json\/wp\/v2\/users\/144"}],"replies":[{"embeddable":true,"href":"http:\/\/desarrollo.grupomedios.com\/futbol\/wp-json\/wp\/v2\/comments?post=444864"}],"version-history":[{"count":0,"href":"http:\/\/desarrollo.grupomedios.com\/futbol\/wp-json\/wp\/v2\/posts\/444864\/revisions"}],"wp:featuredmedia":[{"embeddable":true,"href":"http:\/\/desarrollo.grupomedios.com\/futbol\/wp-json\/wp\/v2\/media\/422556"}],"wp:attachment":[{"href":"http:\/\/desarrollo.grupomedios.com\/futbol\/wp-json\/wp\/v2\/media?parent=444864"}],"wp:term":[{"taxonomy":"category","embeddable":true,"href":"http:\/\/desarrollo.grupomedios.com\/futbol\/wp-json\/wp\/v2\/categories?post=444864"},{"taxonomy":"post_tag","embeddable":true,"href":"http:\/\/desarrollo.grupomedios.com\/futbol\/wp-json\/wp\/v2\/tags?post=444864"}],"curies":[{"name":"wp","href":"https:\/\/api.w.org\/{rel}","templated":true}]}}