{"id":444868,"date":"2016-11-25T10:09:52","date_gmt":"2016-11-25T16:09:52","guid":{"rendered":"https:\/\/www.futboltotal.com.mx\/?p=444868"},"modified":"2016-11-25T18:19:13","modified_gmt":"2016-11-26T00:19:13","slug":"la-volpe-chivas-debio-jugar-10","status":"publish","type":"post","link":"http:\/\/desarrollo.grupomedios.com\/futbol\/futbol-mexicano\/la-volpe-chivas-debio-jugar-10\/2016\/11","title":{"rendered":"La Volpe: &#8220;Chivas debi\u00f3 jugar con un hombre menos&#8221;"},"content":{"rendered":"<p>El empate entre <strong>Am\u00e9rica y Chivas<\/strong> en la ida de los cuartos de final del Apertura 2016 dej\u00f3 algunos ecos de los protagonistas del duelo, como las declaraciones del t\u00e9cnico azulcrema Ricardo Antonio <strong>La Volpe<\/strong>, quien cay\u00f3 en contradicciones al\u00a0decir que el Reba\u00f1o tuvo que jugar con 10 hombres pero a la vez el \u00e1rbitro no influy\u00f3 en el marcador.<\/p>\n<p>&#8220;Lo dije el otro d\u00eda y en todos los juegos clave, <strong>Chivas<\/strong> siempre jug\u00f3 con un hombre de m\u00e1s y hoy debi\u00f3 jugar con un hombre de menos y por eso Almeyda sac\u00f3 a Michael P\u00e9rez. El \u00e1rbitro no influy\u00f3 en el resultado para nadie y espero que el domingo tampoco influya&#8221;, mencion\u00f3 el &#8216;Bigot\u00f3n&#8217;.<\/p>\n<p>[video_player]https:\/\/player.vimeo.com\/external\/193089159.hd.mp4?s=79ca10af63156ce0772dbd04821a66d60a3bf45d&amp;profile_id=174[\/video_player]<\/p>\n<p>As\u00edmismo, el t\u00e9cnico no dej\u00f3 de mostrar su inconformidad por el penalti en contra de <strong>Am\u00e9rica<\/strong>, que para su gusto contradijo la fama de que las <strong>\u00c1guilas<\/strong> hist\u00f3ricamente han sido favorecidas por el arbitraje.<\/p>\n<p><a href=\"https:\/\/www.futboltotal.com.mx\/2016\/11\/resultados-liga-mx-america-1-1-chivas\/\">LEER M\u00c1S: POL\u00c9MICO EMPATE ENTRE AM\u00c9RICA Y CHIVAS EN EL JUEGO DE IDA<\/a><\/p>\n<p>&#8220;Queremos jugar de igual a igual y esa fama (de que al <strong>Am\u00e9rica<\/strong> lo ayudan) la hicieron ustedes y si no cobran ese penal, \u00bfqu\u00e9 iban a decir? Ya conocemos los t\u00edtulos de ustedes y espero que ma\u00f1ana tengan el criterio para decir que perjudicaron al Am\u00e9rica&#8221;.<\/p>\n<p>Finalmente, el argentino afirm\u00f3 que\u00a0su equipo &#8220;tiene con qu\u00e9 para hacer un gol (en el estadio <strong>Chivas<\/strong>), pudimos hacer f\u00e1cil hoy dos goles. Hay que ver el domingo qu\u00e9 podemos hacer, qu\u00e9 podemos cambiar&#8221;.<\/p>\n<p><a href=\"https:\/\/www.futboltotal.com.mx\/2016\/11\/america-el-papa-de-chivas-en-liguilla\/\">LEER M\u00c1S: AM\u00c9RICA EL &#8216;PAP\u00c1&#8217; DE CHIVAS EN LIGUILLA<\/a><\/p>\n","protected":false},"excerpt":{"rendered":"<p>El argentino no dej\u00f3 de dar pol\u00e9micas declaraciones al t\u00e9rmino del juego de ida.<\/p>\n","protected":false},"author":20,"featured_media":444876,"comment_status":"closed","ping_status":"closed","sticky":false,"template":"","format":"standard","meta":[],"categories":[2198,3845,5950],"tags":[5959,70,1158,7440,767],"_links":{"self":[{"href":"http:\/\/desarrollo.grupomedios.com\/futbol\/wp-json\/wp\/v2\/posts\/444868"}],"collection":[{"href":"http:\/\/desarrollo.grupomedios.com\/futbol\/wp-json\/wp\/v2\/posts"}],"about":[{"href":"http:\/\/desarrollo.grupomedios.com\/futbol\/wp-json\/wp\/v2\/types\/post"}],"author":[{"embeddable":true,"href":"http:\/\/desarrollo.grupomedios.com\/futbol\/wp-json\/wp\/v2\/users\/20"}],"replies":[{"embeddable":true,"href":"http:\/\/desarrollo.grupomedios.com\/futbol\/wp-json\/wp\/v2\/comments?post=444868"}],"version-history":[{"count":0,"href":"http:\/\/desarrollo.grupomedios.com\/futbol\/wp-json\/wp\/v2\/posts\/444868\/revisions"}],"wp:featuredmedia":[{"embeddable":true,"href":"http:\/\/desarrollo.grupomedios.com\/futbol\/wp-json\/wp\/v2\/media\/444876"}],"wp:attachment":[{"href":"http:\/\/desarrollo.grupomedios.com\/futbol\/wp-json\/wp\/v2\/media?parent=444868"}],"wp:term":[{"taxonomy":"category","embeddable":true,"href":"http:\/\/desarrollo.grupomedios.com\/futbol\/wp-json\/wp\/v2\/categories?post=444868"},{"taxonomy":"post_tag","embeddable":true,"href":"http:\/\/desarrollo.grupomedios.com\/futbol\/wp-json\/wp\/v2\/tags?post=444868"}],"curies":[{"name":"wp","href":"https:\/\/api.w.org\/{rel}","templated":true}]}}