{"id":444898,"date":"2016-11-25T11:03:50","date_gmt":"2016-11-25T17:03:50","guid":{"rendered":"https:\/\/www.futboltotal.com.mx\/?p=444898"},"modified":"2016-11-25T11:04:45","modified_gmt":"2016-11-25T17:04:45","slug":"psv-acusa-a-prensa-espanola-apoyar-a-rijosos","status":"publish","type":"post","link":"http:\/\/desarrollo.grupomedios.com\/futbol\/futbol-internacional\/psv-acusa-a-prensa-espanola-apoyar-a-rijosos\/2016\/11","title":{"rendered":"El PSV acusa a la prensa espa\u00f1ola de apoyar a rijosos"},"content":{"rendered":"<p>El director general del <strong>PSV Eindhoven<\/strong>, Toon Gerbrands, acus\u00f3 a la prensa espa\u00f1ola de intentar pagar a algunos de sus aficionados para provocar problemas en la capital espa\u00f1ola con motivo del duelo de Liga de Campeones el pasado mi\u00e9rcoles contra el Atl\u00e9tico de Madrid.<\/p>\n<p>Seg\u00fan declaraciones de Gerbrands que recogen medios holandeses como &#8220;Eindhoven Dagblad&#8221;, el club recibi\u00f3 la denuncia por parte del presidente de la asociaci\u00f3n de aficionados del <strong>PSV<\/strong>.<\/p>\n<p style=\"text-align: center;\"><span style=\"color: #3366ff;\"><a style=\"color: #3366ff;\" href=\"https:\/\/www.futboltotal.com.mx\/2016\/11\/james-me-quedaba-en-madrid-zidane\/\">LEER M\u00c1S: \u201cSi fuera James, me quedaba en Madrid\u201d: Zidane<\/a><\/span><\/p>\n<p>&#8220;Hemos examinado el caso y asumimos que es verdad&#8221;, agreg\u00f3 el director general del <strong>PSV<\/strong>, que perdi\u00f3 2-0 contra el Atl\u00e9tico de Madrid.<\/p>\n<p>Un portavoz del club se\u00f1al\u00f3 a EFE que el club da por finalizada la pol\u00e9mica.<\/p>\n<p>&#8220;No hay investigaci\u00f3n. Simplemente le dijimos a un peri\u00f3dico lo que pas\u00f3. Para nosotros, ya no supone un problema&#8221;, declar\u00f3 el responsable de comunicaci\u00f3n del <strong>PSV<\/strong>, Thijs Slegers.<\/p>\n<p style=\"text-align: center;\"><a href=\"https:\/\/www.futboltotal.com.mx\/2016\/11\/tri-femenil-fue-eliminado-estados-unidos\/\"><span style=\"color: #3366ff;\">LEER M\u00c1S: Tri femenil, eliminado del Mundial por Estados Unidos<\/span><\/a><\/p>\n<p>En el marco del cruce de cuartos de final de la Liga de Campeones de la pasada temporada, tambi\u00e9n contra el club rojiblanco, los hinchas de ese club holand\u00e9s lanzaron monedas a mendigos en la Plaza Mayor de Madrid, una acci\u00f3n que fue recogida por las c\u00e1maras de televisi\u00f3n.<\/p>\n","protected":false},"excerpt":{"rendered":"<p>La asociaci\u00f3n de aficionados de los Granjeros hizo la denuncia ante su club.<\/p>\n","protected":false},"author":144,"featured_media":444903,"comment_status":"closed","ping_status":"closed","sticky":false,"template":"","format":"standard","meta":[],"categories":[3841,3839],"tags":[6007,36,3224],"_links":{"self":[{"href":"http:\/\/desarrollo.grupomedios.com\/futbol\/wp-json\/wp\/v2\/posts\/444898"}],"collection":[{"href":"http:\/\/desarrollo.grupomedios.com\/futbol\/wp-json\/wp\/v2\/posts"}],"about":[{"href":"http:\/\/desarrollo.grupomedios.com\/futbol\/wp-json\/wp\/v2\/types\/post"}],"author":[{"embeddable":true,"href":"http:\/\/desarrollo.grupomedios.com\/futbol\/wp-json\/wp\/v2\/users\/144"}],"replies":[{"embeddable":true,"href":"http:\/\/desarrollo.grupomedios.com\/futbol\/wp-json\/wp\/v2\/comments?post=444898"}],"version-history":[{"count":0,"href":"http:\/\/desarrollo.grupomedios.com\/futbol\/wp-json\/wp\/v2\/posts\/444898\/revisions"}],"wp:featuredmedia":[{"embeddable":true,"href":"http:\/\/desarrollo.grupomedios.com\/futbol\/wp-json\/wp\/v2\/media\/444903"}],"wp:attachment":[{"href":"http:\/\/desarrollo.grupomedios.com\/futbol\/wp-json\/wp\/v2\/media?parent=444898"}],"wp:term":[{"taxonomy":"category","embeddable":true,"href":"http:\/\/desarrollo.grupomedios.com\/futbol\/wp-json\/wp\/v2\/categories?post=444898"},{"taxonomy":"post_tag","embeddable":true,"href":"http:\/\/desarrollo.grupomedios.com\/futbol\/wp-json\/wp\/v2\/tags?post=444898"}],"curies":[{"name":"wp","href":"https:\/\/api.w.org\/{rel}","templated":true}]}}