{"id":444919,"date":"2016-11-25T12:18:59","date_gmt":"2016-11-25T18:18:59","guid":{"rendered":"https:\/\/www.futboltotal.com.mx\/?p=444919"},"modified":"2016-11-25T13:35:16","modified_gmt":"2016-11-25T19:35:16","slug":"la-roma-presento-jersey-utilizara-en-derbi-ante-la-lazio","status":"publish","type":"post","link":"http:\/\/desarrollo.grupomedios.com\/futbol\/futbol-internacional\/la-roma-presento-jersey-utilizara-en-derbi-ante-la-lazio\/2016\/11","title":{"rendered":"Con Totti, Roma present\u00f3 jersey que usar\u00e1 en Derbi ante Lazio"},"content":{"rendered":"<p>La campa\u00f1a actual en Italia ha visto a la <strong>Roma<\/strong> volver a colocarse como un aspirante al t\u00edtulo y, hasta ahora, como el principal candidato a disputarle el t\u00edtulo de la liga a la Juventus.<\/p>\n<p>El cuadro de la capital italiana marcha en segundo lugar de la Serie A, con 26 puntos, siete por detr\u00e1s de los que tiene la <em>Vecchia Signora<\/em>.<\/p>\n<p style=\"text-align: center;\"><a href=\"https:\/\/www.futboltotal.com.mx\/2016\/10\/unico-club-habria-firmado-francesco-totti\/\" target=\"_blank\"><span style=\"color: #3366ff;\"><strong>LEER M\u00c1S: El \u00fanico club con el que habr\u00eda firmado Francesco Totti<\/strong><\/span><\/a><\/p>\n<p>La <strong>Roma<\/strong> es hasta ahora el cuadro con la ofensiva m\u00e1s productiva del campeonato italiano, gracias a los 30 goles que ha anotado (10 de los cuales han sido marcados por Edin Dzeko y ocho por Mohamed Salah).<\/p>\n<p>En un par de semanas, la <em>Loba <\/em>disputar\u00e1 un encuentro de importancia especial, porque no s\u00f3lo estar\u00e1n en juego tres puntos, sino el orgullo y la supremac\u00eda en <strong>Roma<\/strong>.<\/p>\n<p style=\"text-align: center;\"><a href=\"https:\/\/www.futboltotal.com.mx\/2016\/09\/la-emotiva-carta-totti-a-la-roma\/\" target=\"_blank\"><span style=\"color: #3366ff;\"><strong>LEER M\u00c1S: La emotiva carta de Totti a la Roma<\/strong><\/span><\/a><\/p>\n<p>El cuadro que dirige Luciano Spalleti disputar\u00e1 una edici\u00f3n m\u00e1s del Derbi de la capital italiana contra la Lazio (cuadro que fungir\u00e1 como local). Para destacar la relevancia del duelo, la <strong>Roma<\/strong> usar\u00e1 un jersey especial ese d\u00eda.<\/p>\n<p>La escuadra<em> Giallorossa<\/em>\u00a0ha presentado la camiseta conmemorativa que vestir\u00e1n sus jugadores en el Derbi romano, a trav\u00e9s de un video publicado en su cuenta de Twitter.<\/p>\n<blockquote class=\"twitter-tweet\" data-lang=\"es\">\n<p dir=\"ltr\" lang=\"es\">&#x1f440; Francesco <a href=\"https:\/\/twitter.com\/hashtag\/Totti?src=hash\">#Totti<\/a> nos presenta la nueva camiseta que vestir\u00e1 la <a href=\"https:\/\/twitter.com\/hashtag\/ASRoma?src=hash\">#ASRoma<\/a> el d\u00eda del derby contra Lazio &#x1f49b;\u2764\ufe0f <a href=\"https:\/\/t.co\/NN6eN8Oiuc\">pic.twitter.com\/NN6eN8Oiuc<\/a><\/p>\n<p>\u2014 AS Roma Espa\u00f1ol (@ASRomaEspanol) <a href=\"https:\/\/twitter.com\/ASRomaEspanol\/status\/802185910154575872\">25 de noviembre de 2016<\/a><\/p><\/blockquote>\n<p><script async src=\"\/\/platform.twitter.com\/widgets.js\" charset=\"utf-8\"><\/script><\/p>\n<p>Y para dar a conocer el jersey, han elegido a su s\u00edmbolo: Francesco Totti. En el video, <em>Il Capitano<\/em> es quien modela el uniforme que la <strong>Roma<\/strong> utilizar\u00e1 ante la Lazio.<\/p>\n","protected":false},"excerpt":{"rendered":"<p>&#8216;Il Capitano&#8217; fue el elegido para presentar el jersey que los romanos usar\u00e1n ante la Lazio.<\/p>\n","protected":false},"author":20,"featured_media":424941,"comment_status":"closed","ping_status":"closed","sticky":false,"template":"","format":"standard","meta":[],"categories":[3839,3848,5951],"tags":[2619,292,1068,320,5958,3472],"_links":{"self":[{"href":"http:\/\/desarrollo.grupomedios.com\/futbol\/wp-json\/wp\/v2\/posts\/444919"}],"collection":[{"href":"http:\/\/desarrollo.grupomedios.com\/futbol\/wp-json\/wp\/v2\/posts"}],"about":[{"href":"http:\/\/desarrollo.grupomedios.com\/futbol\/wp-json\/wp\/v2\/types\/post"}],"author":[{"embeddable":true,"href":"http:\/\/desarrollo.grupomedios.com\/futbol\/wp-json\/wp\/v2\/users\/20"}],"replies":[{"embeddable":true,"href":"http:\/\/desarrollo.grupomedios.com\/futbol\/wp-json\/wp\/v2\/comments?post=444919"}],"version-history":[{"count":0,"href":"http:\/\/desarrollo.grupomedios.com\/futbol\/wp-json\/wp\/v2\/posts\/444919\/revisions"}],"wp:featuredmedia":[{"embeddable":true,"href":"http:\/\/desarrollo.grupomedios.com\/futbol\/wp-json\/wp\/v2\/media\/424941"}],"wp:attachment":[{"href":"http:\/\/desarrollo.grupomedios.com\/futbol\/wp-json\/wp\/v2\/media?parent=444919"}],"wp:term":[{"taxonomy":"category","embeddable":true,"href":"http:\/\/desarrollo.grupomedios.com\/futbol\/wp-json\/wp\/v2\/categories?post=444919"},{"taxonomy":"post_tag","embeddable":true,"href":"http:\/\/desarrollo.grupomedios.com\/futbol\/wp-json\/wp\/v2\/tags?post=444919"}],"curies":[{"name":"wp","href":"https:\/\/api.w.org\/{rel}","templated":true}]}}