{"id":444923,"date":"2016-11-25T12:38:30","date_gmt":"2016-11-25T18:38:30","guid":{"rendered":"https:\/\/www.futboltotal.com.mx\/?p=444923"},"modified":"2016-11-25T13:36:43","modified_gmt":"2016-11-25T19:36:43","slug":"balotelli-se-perdera-tres-partidos-nice","status":"publish","type":"post","link":"http:\/\/desarrollo.grupomedios.com\/futbol\/futbol-internacional\/balotelli-se-perdera-tres-partidos-nice\/2016\/11","title":{"rendered":"Nice pierde a Mario Balotelli por lesi\u00f3n"},"content":{"rendered":"<p>El delantero italiano <strong>Mario Balotelli<\/strong> perder\u00e1 los pr\u00f3ximos tres partidos con el Niza en la Liga de Francia, tras sufrir una nueva lesi\u00f3n este martes durante el entrenamiento del equipo, inform\u00f3 hoy la prensa gala.<\/p>\n<p><strong>Balotelli<\/strong>, quien sufri\u00f3 una lesi\u00f3n en la pantorrilla durante la preparaci\u00f3n de anteayer, no estar\u00e1 en acci\u00f3n en el partido de este pr\u00f3ximo domingo contra el Bastia.<\/p>\n<p>https:\/\/twitter.com\/ogcnice_eng\/status\/801909051852521472<\/p>\n<p>La prensa francesa, adem\u00e1s, apunta con que el italiano se podr\u00eda perder tambi\u00e9n los choques ante el Guimgamp y Toulouse, fijados para la semana pr\u00f3xima.<\/p>\n<p>Por el momento, su participaci\u00f3n en el choque contra el Par\u00eds Saint-Germain del 11 de diciembre &#8220;no parece estar comprometido&#8221;.<\/p>\n<p><strong>Balotelli,<\/strong> de 26 a\u00f1os, ha marcado cinco goles en seis partidos disputados con el club del sur de Francia, una de sus mejores marcas de los \u00faltimos a\u00f1os.<\/p>\n<p style=\"text-align: center;\"><span style=\"color: #3366ff;\"><a style=\"color: #3366ff;\" href=\"https:\/\/www.futboltotal.com.mx\/2016\/11\/premier-league-se-une-a-campana-contra-la-homofobia\/\">LEER M\u00c1S: Premier League se une a campa\u00f1a contra la homofobia<\/a><\/span><\/p>\n<p>La nueva lesi\u00f3n del controvertido atacante italiano llega precisamente cuando hab\u00eda recuperado la forma de la lesi\u00f3n, en el pubis, que le tuvo de baja varios meses a principios de a\u00f1o, cuando todav\u00eda jugaba con el Milan, cedido por el Liverpool.<\/p>\n<p>Mientras, el Niza mantiene su sorprendente liderato en la liga con 32 puntos, tres m\u00e1s que sus dos contrincantes m\u00e1s cercanos, el M\u00f3naco y el Par\u00eds Saint-Germain, ambos empatado a 29 puntos.<\/p>\n<p>El Niza, en las trece jornadas ligueras disputadas, suma 10 partidos ganados, dos perdidos y un empate. EFE<\/p>\n","protected":false},"excerpt":{"rendered":"<p>Una nueva lesi\u00f3n marginar\u00e1 al ariete italiano de jugar con el l\u00edder de la Ligue 1.<\/p>\n","protected":false},"author":144,"featured_media":435689,"comment_status":"closed","ping_status":"closed","sticky":false,"template":"","format":"standard","meta":[],"categories":[3839,5951],"tags":[6002,704],"_links":{"self":[{"href":"http:\/\/desarrollo.grupomedios.com\/futbol\/wp-json\/wp\/v2\/posts\/444923"}],"collection":[{"href":"http:\/\/desarrollo.grupomedios.com\/futbol\/wp-json\/wp\/v2\/posts"}],"about":[{"href":"http:\/\/desarrollo.grupomedios.com\/futbol\/wp-json\/wp\/v2\/types\/post"}],"author":[{"embeddable":true,"href":"http:\/\/desarrollo.grupomedios.com\/futbol\/wp-json\/wp\/v2\/users\/144"}],"replies":[{"embeddable":true,"href":"http:\/\/desarrollo.grupomedios.com\/futbol\/wp-json\/wp\/v2\/comments?post=444923"}],"version-history":[{"count":0,"href":"http:\/\/desarrollo.grupomedios.com\/futbol\/wp-json\/wp\/v2\/posts\/444923\/revisions"}],"wp:featuredmedia":[{"embeddable":true,"href":"http:\/\/desarrollo.grupomedios.com\/futbol\/wp-json\/wp\/v2\/media\/435689"}],"wp:attachment":[{"href":"http:\/\/desarrollo.grupomedios.com\/futbol\/wp-json\/wp\/v2\/media?parent=444923"}],"wp:term":[{"taxonomy":"category","embeddable":true,"href":"http:\/\/desarrollo.grupomedios.com\/futbol\/wp-json\/wp\/v2\/categories?post=444923"},{"taxonomy":"post_tag","embeddable":true,"href":"http:\/\/desarrollo.grupomedios.com\/futbol\/wp-json\/wp\/v2\/tags?post=444923"}],"curies":[{"name":"wp","href":"https:\/\/api.w.org\/{rel}","templated":true}]}}