{"id":444972,"date":"2016-11-25T14:55:23","date_gmt":"2016-11-25T20:55:23","guid":{"rendered":"https:\/\/www.futboltotal.com.mx\/?p=444972"},"modified":"2016-11-25T17:23:03","modified_gmt":"2016-11-25T23:23:03","slug":"james-se-ir-del-real-madrid-francisco-maturana","status":"publish","type":"post","link":"http:\/\/desarrollo.grupomedios.com\/futbol\/futbol-internacional\/james-se-ir-del-real-madrid-francisco-maturana\/2016\/11","title":{"rendered":"James se tiene que ir del Real Madrid: Francisco Maturana"},"content":{"rendered":"<p>La situaci\u00f3n de <strong>James<\/strong> Rodr\u00edguez en el Real Madrid, donde no consigue hacerse de la titularidad, sigue provocando toda clase de comentarios de diversos personajes en el mundo del futbol.<\/p>\n<p>Este viernes ya hab\u00eda hablado el entrenador del cuadro <em>Merengue<\/em> sobre la situaci\u00f3n de <strong>James<\/strong>. En la rueda de prensa previa al partido de La Liga que el Madrid sostendr\u00e1 ante el Sporting de Gij\u00f3n, Zidane respondi\u00f3 una pregunta sobre el colombiano, afirmando que \u00e9l en el lugar de su jugador no se ir\u00eda del club. \u201cVa a tener minutos\u201d, asegur\u00f3.<\/p>\n<p style=\"text-align: center;\"><a href=\"https:\/\/www.futboltotal.com.mx\/2016\/11\/james-me-quedaba-en-madrid-zidane\/\" target=\"_blank\"><span style=\"color: #3366ff;\"><strong>LEER M\u00c1S: &#8220;Si fuera James, me quedaba en Madrid&#8221;: Zidane<\/strong><\/span><\/a><\/p>\n<p>Y este mismo viernes han surgido declaraciones acerca de la estancia del volante de C\u00facuta en el Santiago Bernab\u00e9u de otro colombiano destacado: Francisco Maturana.<\/p>\n<p>El <em>Pacho<\/em> fue seleccionador <em>Cafetero<\/em> en dos etapas (1987-94 y 2001-03) y en una entrevista con el diario colombiano El Heraldo habl\u00f3 sobre la actualidad de su compatriota en el cuadro <em>Blanco<\/em>: \u201c<strong>James<\/strong> es producto de una compra innecesaria\u201d<\/p>\n<p style=\"text-align: center;\"><a href=\"https:\/\/www.futboltotal.com.mx\/2016\/11\/james-rodriguez-niega-mala-relacion-zidane\/\" target=\"_blank\"><span style=\"color: #3366ff;\"><strong>LEER M\u00c1S: James Rodr\u00edguez niega mala relaci\u00f3n con Zidane<\/strong><\/span><\/a><\/p>\n<p>Luego, Maturana explic\u00f3: \u201cSimplemente por estar en el <em>boom<\/em> del momento compraron un jugador que sacrifican y que podr\u00eda ser tan importante como Cristiano y Bale en cualquier otro equipo\u201d.<\/p>\n<p>De acuerdo con el entrenador colombiano, <strong>James<\/strong> Rodr\u00edguez tiene la calidad para brillar en cualquier cuadro fuera del Bernab\u00e9u: \u201cAdonde vaya va a ser figura. <strong>James<\/strong> en el Madrid va a seguir siendo segunda guitarra\u201d.<\/p>\n<p style=\"text-align: center;\"><a href=\"https:\/\/www.futboltotal.com.mx\/2016\/11\/la-roma-presento-jersey-utilizara-en-derbi-ante-la-lazio\/\" target=\"_blank\"><span style=\"color: #3366ff;\"><strong>LEER M\u00c1S: Con Totti, Roma present\u00f3 jersey que usar\u00e1 en Derbi ante Lazio<\/strong><\/span><\/a><\/p>\n<p>Luego subi\u00f3 la contundencia de sus declaraciones: \u201cNo tiene puesto en el Madrid, as\u00ed de sencillo. Si quiere quedarse ah\u00ed a pelear un lugar con Cristiano Ronaldo y Bale, no\u201d, y sentenci\u00f3: \u201cSiempre defend\u00ed que <strong>James<\/strong> ten\u00eda que luchar en el Real Madrid, pero la estructura del equipo no le da opciones. Lo que tiene que hacer, de manera inteligente, es buscar otro sitio\u201d.<\/p>\n","protected":false},"excerpt":{"rendered":"<p>Para el Pacho Maturana, la compra de James que hizo el Madrid fue innecesaria.<\/p>\n","protected":false},"author":20,"featured_media":422144,"comment_status":"closed","ping_status":"closed","sticky":false,"template":"","format":"standard","meta":[],"categories":[3839,3844,5951],"tags":[7649,6475,6082,2048,7650,5988,2943,2215],"_links":{"self":[{"href":"http:\/\/desarrollo.grupomedios.com\/futbol\/wp-json\/wp\/v2\/posts\/444972"}],"collection":[{"href":"http:\/\/desarrollo.grupomedios.com\/futbol\/wp-json\/wp\/v2\/posts"}],"about":[{"href":"http:\/\/desarrollo.grupomedios.com\/futbol\/wp-json\/wp\/v2\/types\/post"}],"author":[{"embeddable":true,"href":"http:\/\/desarrollo.grupomedios.com\/futbol\/wp-json\/wp\/v2\/users\/20"}],"replies":[{"embeddable":true,"href":"http:\/\/desarrollo.grupomedios.com\/futbol\/wp-json\/wp\/v2\/comments?post=444972"}],"version-history":[{"count":0,"href":"http:\/\/desarrollo.grupomedios.com\/futbol\/wp-json\/wp\/v2\/posts\/444972\/revisions"}],"wp:featuredmedia":[{"embeddable":true,"href":"http:\/\/desarrollo.grupomedios.com\/futbol\/wp-json\/wp\/v2\/media\/422144"}],"wp:attachment":[{"href":"http:\/\/desarrollo.grupomedios.com\/futbol\/wp-json\/wp\/v2\/media?parent=444972"}],"wp:term":[{"taxonomy":"category","embeddable":true,"href":"http:\/\/desarrollo.grupomedios.com\/futbol\/wp-json\/wp\/v2\/categories?post=444972"},{"taxonomy":"post_tag","embeddable":true,"href":"http:\/\/desarrollo.grupomedios.com\/futbol\/wp-json\/wp\/v2\/tags?post=444972"}],"curies":[{"name":"wp","href":"https:\/\/api.w.org\/{rel}","templated":true}]}}