{"id":445303,"date":"2016-11-27T08:47:45","date_gmt":"2016-11-27T14:47:45","guid":{"rendered":"https:\/\/www.futboltotal.com.mx\/?p=445303"},"modified":"2016-11-27T08:47:45","modified_gmt":"2016-11-27T14:47:45","slug":"neymar-sufrio-accidente-en-ferrari-salio-ileso","status":"publish","type":"post","link":"http:\/\/desarrollo.grupomedios.com\/futbol\/destacado-home\/neymar-sufrio-accidente-en-ferrari-salio-ileso\/2016\/11","title":{"rendered":"Neymar sufri\u00f3 accidente en su Ferrari, pero sali\u00f3 ileso"},"content":{"rendered":"<p class=\"DETALLE_N_titulo \"><span id=\"ctl14_lblMostra\">El brasile\u00f1o <strong>Neymar<\/strong> Jr. ha sufrido esta ma\u00f1ana un peque\u00f1o accidente con su coche cuando se dirig\u00eda a la ciudad deportiva para reunirse con sus compa\u00f1eros del <strong>Barcelona<\/strong>, con los que finalmente ha podido viajar sin ning\u00fan problema a San Sebasti\u00e1n, para jugar esta noche contra la <strong>Real Sociedad<\/strong>.<\/span><\/p>\n<p>En unas im\u00e1genes que ofrece &#8216;TV3&#8217; se observa el coche del <strong>Neymar<\/strong> parado en la cuneta, cerca de la Ciudad Deportiva, junto a otros veh\u00edculos, en lo que podr\u00eda haber sido un choque poco antes de llegar a una rotonda, y muy probablemente por el derrape de su <strong>Ferrari<\/strong> sobre un piso h\u00famedo.<\/p>\n<p>El jugador ha podido abandonar sin ning\u00fan problema el veh\u00edculo, y seg\u00fan el canal televisivo empleados del club se han desplazado a lugar para recogerlo y acercarlo al punto de reuni\u00f3n con sus compa\u00f1eros.<\/p>\n<p>&nbsp;<\/p>\n<blockquote class=\"twitter-tweet\" data-lang=\"es\">\n<p dir=\"ltr\" lang=\"es\">Neymar sufre un accidente de tr\u00e1fico sin consecuencias antes de viajar a San Sebasti\u00e1n <a href=\"https:\/\/t.co\/YyLjGWzuEl\">https:\/\/t.co\/YyLjGWzuEl<\/a> <a href=\"https:\/\/t.co\/BkEFSKsjsl\">pic.twitter.com\/BkEFSKsjsl<\/a><\/p>\n<p>\u2014 MARCA (@marca) <a href=\"https:\/\/twitter.com\/marca\/status\/802819536139341826\">27 de noviembre de 2016<\/a><\/p><\/blockquote>\n<p><script async src=\"\/\/platform.twitter.com\/widgets.js\" charset=\"utf-8\"><\/script><\/p>\n","protected":false},"excerpt":{"rendered":"<p>Se dirig\u00eda a la concentraci\u00f3n del equipo para viajar al duelo con Real Sociedad.<\/p>\n","protected":false},"author":144,"featured_media":445304,"comment_status":"closed","ping_status":"closed","sticky":false,"template":"","format":"standard","meta":[],"categories":[5,3839,3844],"tags":[5984,6009,6001,7471],"_links":{"self":[{"href":"http:\/\/desarrollo.grupomedios.com\/futbol\/wp-json\/wp\/v2\/posts\/445303"}],"collection":[{"href":"http:\/\/desarrollo.grupomedios.com\/futbol\/wp-json\/wp\/v2\/posts"}],"about":[{"href":"http:\/\/desarrollo.grupomedios.com\/futbol\/wp-json\/wp\/v2\/types\/post"}],"author":[{"embeddable":true,"href":"http:\/\/desarrollo.grupomedios.com\/futbol\/wp-json\/wp\/v2\/users\/144"}],"replies":[{"embeddable":true,"href":"http:\/\/desarrollo.grupomedios.com\/futbol\/wp-json\/wp\/v2\/comments?post=445303"}],"version-history":[{"count":0,"href":"http:\/\/desarrollo.grupomedios.com\/futbol\/wp-json\/wp\/v2\/posts\/445303\/revisions"}],"wp:featuredmedia":[{"embeddable":true,"href":"http:\/\/desarrollo.grupomedios.com\/futbol\/wp-json\/wp\/v2\/media\/445304"}],"wp:attachment":[{"href":"http:\/\/desarrollo.grupomedios.com\/futbol\/wp-json\/wp\/v2\/media?parent=445303"}],"wp:term":[{"taxonomy":"category","embeddable":true,"href":"http:\/\/desarrollo.grupomedios.com\/futbol\/wp-json\/wp\/v2\/categories?post=445303"},{"taxonomy":"post_tag","embeddable":true,"href":"http:\/\/desarrollo.grupomedios.com\/futbol\/wp-json\/wp\/v2\/tags?post=445303"}],"curies":[{"name":"wp","href":"https:\/\/api.w.org\/{rel}","templated":true}]}}