{"id":445315,"date":"2016-11-27T09:45:16","date_gmt":"2016-11-27T15:45:16","guid":{"rendered":"https:\/\/www.futboltotal.com.mx\/?p=445315"},"modified":"2016-11-27T09:45:16","modified_gmt":"2016-11-27T15:45:16","slug":"nico-rosberg-se-corono-campeon-del-mundo-f1-en-abu-dabi","status":"publish","type":"post","link":"http:\/\/desarrollo.grupomedios.com\/futbol\/no-todo-es-futbol\/nico-rosberg-se-corono-campeon-del-mundo-f1-en-abu-dabi\/2016\/11","title":{"rendered":"Nico Rosberg se coron\u00f3 campe\u00f3n del mundo de F1"},"content":{"rendered":"<p class=\"DETALLE_N_titulo \"><span id=\"ctl14_lblMostra\">El alem\u00e1n <strong>Nico Rosberg<\/strong> (Mercedes) se proclam\u00f3 este domingo por primera vez en su carrera campe\u00f3n del mundo de <strong>F\u00f3rmula Uno<\/strong> tras acabar segundo, por detr\u00e1s de su compa\u00f1ero de equipo, el brit\u00e1nico <strong>Lewis Hamilton<\/strong>, en el <strong>Gran Premio de Abu Dabi<\/strong>, vig\u00e9sima primera y \u00faltima prueba del certamen.<\/span><\/p>\n<p>Nico Rosberg lleg\u00f3 al circuito Yas Marina con doce puntos margen sobre Hamilton y sali\u00f3 de \u00e9l con cinco de margen.<\/p>\n<p>Hamilton, tres veces campe\u00f3n mundial, cumpli\u00f3 y se apunt\u00f3 el triunfo, el quincuag\u00e9simo tercero de su carrera y el d\u00e9cimo de la temporada que este domingo vivi\u00f3 su \u00faltimo cap\u00edtulo. El ingl\u00e9s necesitaba ganar en Abu Dabi y esperar que Rosberg no terminara en el podio, algo que no se produjo.<\/p>\n<p>El nuevo campe\u00f3n mundial fue valiente en la carrera de cierre y aguant\u00f3 la presi\u00f3n final para conservar la tercera plaza que le dio la corona.<\/p>\n<p>&nbsp;<\/p>\n<blockquote class=\"twitter-tweet\" data-lang=\"es\">\n<p dir=\"ltr\" lang=\"en\">World champion No.33. Welcome to a very exclusive club, <a href=\"https:\/\/twitter.com\/nico_rosberg\">@nico_rosberg<\/a> <a href=\"https:\/\/twitter.com\/hashtag\/AbuDhabiGP?src=hash\">#AbuDhabiGP<\/a> <a href=\"https:\/\/t.co\/mfb8uymCeS\">pic.twitter.com\/mfb8uymCeS<\/a><\/p>\n<p>\u2014 Formula 1 (@F1) <a href=\"https:\/\/twitter.com\/F1\/status\/802898670697979905\">27 de noviembre de 2016<\/a><\/p><\/blockquote>\n<p><script async src=\"\/\/platform.twitter.com\/widgets.js\" charset=\"utf-8\"><\/script><\/p>\n<p>Rosberg se la jug\u00f3 en la primera mitad para adelantar con coraje al holand\u00e9s Max Verstappen (Red Bull) para recuperar una segunda plaza que podr\u00eda comprometerse por la estrategia de \u00e9ste de ir a una sola parada.<\/p>\n<p>Y en las vueltas finales resisti\u00f3 el acoso postrero de su compatriota Sebastian Vettel (Ferrari). El tetracampe\u00f3n mundial lanz\u00f3 un ataque final para terminar el a\u00f1o con el podio y lo logr\u00f3, pero ya no le dio para superar a Rosberg.<\/p>\n<p>El final de la carrera estuvo pleno de emoci\u00f3n, con Vettel a la estela de Rosberg y un Verstappen al l\u00edmite en la cuarta plaza tras remontar desde la \u00faltima a la que qued\u00f3 relegado en la vuelta de apertura al sufrir un trompo en los primeros compases.<\/p>\n<p>El espa\u00f1ol Fernando Alonso (McLaren-Honda) acab\u00f3 la temporada con un d\u00e9cimo puesto y un punto, mientras que su compatriota Carlos Sainz (Toro Rosso) no pido acabar tras recibir el impacto por detr\u00e1s del coche del brit\u00e1nico Jolyon Palmer (Renault) que dej\u00f3 inservible la caja de cambios de su monoplaza.<\/p>\n","protected":false},"excerpt":{"rendered":"<p>El piloto alem\u00e1n se convirti\u00f3 en el tercer alem\u00e1n que se proclama monarca.<\/p>\n","protected":false},"author":144,"featured_media":445316,"comment_status":"closed","ping_status":"closed","sticky":false,"template":"","format":"standard","meta":[],"categories":[5810,5418,6411],"tags":[7653,6412,5493,6426],"_links":{"self":[{"href":"http:\/\/desarrollo.grupomedios.com\/futbol\/wp-json\/wp\/v2\/posts\/445315"}],"collection":[{"href":"http:\/\/desarrollo.grupomedios.com\/futbol\/wp-json\/wp\/v2\/posts"}],"about":[{"href":"http:\/\/desarrollo.grupomedios.com\/futbol\/wp-json\/wp\/v2\/types\/post"}],"author":[{"embeddable":true,"href":"http:\/\/desarrollo.grupomedios.com\/futbol\/wp-json\/wp\/v2\/users\/144"}],"replies":[{"embeddable":true,"href":"http:\/\/desarrollo.grupomedios.com\/futbol\/wp-json\/wp\/v2\/comments?post=445315"}],"version-history":[{"count":0,"href":"http:\/\/desarrollo.grupomedios.com\/futbol\/wp-json\/wp\/v2\/posts\/445315\/revisions"}],"wp:featuredmedia":[{"embeddable":true,"href":"http:\/\/desarrollo.grupomedios.com\/futbol\/wp-json\/wp\/v2\/media\/445316"}],"wp:attachment":[{"href":"http:\/\/desarrollo.grupomedios.com\/futbol\/wp-json\/wp\/v2\/media?parent=445315"}],"wp:term":[{"taxonomy":"category","embeddable":true,"href":"http:\/\/desarrollo.grupomedios.com\/futbol\/wp-json\/wp\/v2\/categories?post=445315"},{"taxonomy":"post_tag","embeddable":true,"href":"http:\/\/desarrollo.grupomedios.com\/futbol\/wp-json\/wp\/v2\/tags?post=445315"}],"curies":[{"name":"wp","href":"https:\/\/api.w.org\/{rel}","templated":true}]}}