{"id":445344,"date":"2016-11-27T15:05:34","date_gmt":"2016-11-27T21:05:34","guid":{"rendered":"https:\/\/www.futboltotal.com.mx\/?p=445344"},"modified":"2016-11-27T15:10:46","modified_gmt":"2016-11-27T21:10:46","slug":"dani-alves-rompio-perone-pierna-izquierda","status":"publish","type":"post","link":"http:\/\/desarrollo.grupomedios.com\/futbol\/futbol-internacional\/dani-alves-rompio-perone-pierna-izquierda\/2016\/11","title":{"rendered":"Dani Alves se rompi\u00f3 el peron\u00e9 de la pierna izquierda"},"content":{"rendered":"<p class=\"DETALLE_N_titulo \"><span id=\"ctl14_lblMostra\">El lateral brasile\u00f1o del <strong>Juventus Dani Alves<\/strong> se fractur\u00f3 este domingo el peron\u00e9 de la pierna izquierda en el partido de la Serie A\u00a0italiana<a href=\"https:\/\/www.futboltotal.com.mx\/2016\/11\/doblete-giovanni-simeone-hunde-a-la-juventus\/\"> perdido 1-3 contra el G\u00e9nova<\/a>, inform\u00f3 el club.<\/span><\/p>\n<p>El exjugador del Barcelona se retir\u00f3 en camilla en el minuto 80 del partido de hoy y los ex\u00e1menes m\u00e9dicos a los que se someti\u00f3 nada m\u00e1s finalizar el encuentro en una cl\u00ednica de G\u00e9nova detectaron una fractura compuesta del peron\u00e9.<\/p>\n<p>&#8220;Los primeros controles realizados en el hospital de G\u00e9nova detectaron una fractura compuesta del peron\u00e9 de la pierna izquierda que ser\u00e1 controlada ulteriormente ma\u00f1ana&#8221;, se lee en el comunicado oficial del Juventus.<\/p>\n<p><iframe loading=\"lazy\" src=\"https:\/\/www.youtube.com\/embed\/PuZKIrhvZcU\" frameborder=\"0\" allowfullscreen=\"allowfullscreen\"><\/iframe><\/p>\n<p>El cuadro turin\u00e9s, que cuenta con un centro m\u00e9dico de propiedad, el &#8220;J Medical&#8221;, evaluar\u00e1 a Alves este lunes y los doctores podr\u00e1n dar m\u00e1s detalles sobre su estado.<\/p>\n<p>El Juventus vivi\u00f3 un d\u00eda complicado ya que, adem\u00e1s de caer derrotado 1-3, perdi\u00f3 tambi\u00e9n al internacional italiano Leonardo Bonucci, que se retir\u00f3 en la primera mitad del partido a causa de un problema muscular.<\/p>\n<p>&nbsp;<\/p>\n<blockquote class=\"twitter-tweet\" data-lang=\"es\">\n<p dir=\"ltr\" lang=\"it\">Aggiornamento sulle condizioni di <a href=\"https:\/\/twitter.com\/DaniAlvesD2\">@DaniAlvesD2<\/a> e <a href=\"https:\/\/twitter.com\/bonucci_leo19\">@bonucci_leo19<\/a>: <a href=\"https:\/\/t.co\/f8FB9NdYQx\">https:\/\/t.co\/f8FB9NdYQx<\/a> <a href=\"https:\/\/twitter.com\/hashtag\/GenoaJuve?src=hash\">#GenoaJuve<\/a> <a href=\"https:\/\/t.co\/uJHdziC9t3\">pic.twitter.com\/uJHdziC9t3<\/a><\/p>\n<p>\u2014 JuventusFC (@juventusfc) <a href=\"https:\/\/twitter.com\/juventusfc\/status\/802944152459743233\">27 de noviembre de 2016<\/a><\/p><\/blockquote>\n<p><script async src=\"\/\/platform.twitter.com\/widgets.js\" charset=\"utf-8\"><\/script><\/p>\n<p>&nbsp;<\/p>\n","protected":false},"excerpt":{"rendered":"<p>El brasile\u00f1o se retir\u00f3 en camilla en el minuto 80 del partido ante el G\u00e9nova.<\/p>\n","protected":false},"author":144,"featured_media":445345,"comment_status":"closed","ping_status":"closed","sticky":false,"template":"","format":"standard","meta":[],"categories":[3839,3848,5951],"tags":[5983,5999],"_links":{"self":[{"href":"http:\/\/desarrollo.grupomedios.com\/futbol\/wp-json\/wp\/v2\/posts\/445344"}],"collection":[{"href":"http:\/\/desarrollo.grupomedios.com\/futbol\/wp-json\/wp\/v2\/posts"}],"about":[{"href":"http:\/\/desarrollo.grupomedios.com\/futbol\/wp-json\/wp\/v2\/types\/post"}],"author":[{"embeddable":true,"href":"http:\/\/desarrollo.grupomedios.com\/futbol\/wp-json\/wp\/v2\/users\/144"}],"replies":[{"embeddable":true,"href":"http:\/\/desarrollo.grupomedios.com\/futbol\/wp-json\/wp\/v2\/comments?post=445344"}],"version-history":[{"count":0,"href":"http:\/\/desarrollo.grupomedios.com\/futbol\/wp-json\/wp\/v2\/posts\/445344\/revisions"}],"wp:featuredmedia":[{"embeddable":true,"href":"http:\/\/desarrollo.grupomedios.com\/futbol\/wp-json\/wp\/v2\/media\/445345"}],"wp:attachment":[{"href":"http:\/\/desarrollo.grupomedios.com\/futbol\/wp-json\/wp\/v2\/media?parent=445344"}],"wp:term":[{"taxonomy":"category","embeddable":true,"href":"http:\/\/desarrollo.grupomedios.com\/futbol\/wp-json\/wp\/v2\/categories?post=445344"},{"taxonomy":"post_tag","embeddable":true,"href":"http:\/\/desarrollo.grupomedios.com\/futbol\/wp-json\/wp\/v2\/tags?post=445344"}],"curies":[{"name":"wp","href":"https:\/\/api.w.org\/{rel}","templated":true}]}}