{"id":445443,"date":"2016-11-27T23:59:46","date_gmt":"2016-11-28T05:59:46","guid":{"rendered":"https:\/\/www.futboltotal.com.mx\/?p=445443"},"modified":"2016-11-28T00:15:58","modified_gmt":"2016-11-28T06:15:58","slug":"partidazos-en-semifinales-del-apertura-2016","status":"publish","type":"post","link":"http:\/\/desarrollo.grupomedios.com\/futbol\/destacado-home\/partidazos-en-semifinales-del-apertura-2016\/2016\/11","title":{"rendered":"\u00a1Partidazos en Semifinales del Apertura 2016!"},"content":{"rendered":"<p>La mesa est\u00e1 puesta para dos partidos electrizantes en las Semifinales del Apertura 2016: Tigres-Le\u00f3n y Am\u00e9rica-Necaxa. La Liga MX dar\u00e1 a conocer los horarios este lunes alrededor del medio d\u00eda.<\/p>\n<p>Tigres liquid\u00f3 a Pumas con un apabullante marcador global de 7-2 convirti\u00e9ndose en el primer invitado. Ser\u00e1 el rival m\u00e1s peligroso de esta fase al contar con Andre Pierre Gignac, quien recobr\u00f3 el olfato goleador y marc\u00f3 tres goles en los Cuartos de Final.<\/p>\n<p style=\"text-align: center;\"><span style=\"color: #3366ff;\">LEER M\u00c1S: Todas las noticias de futbol mexicano<\/span><\/p>\n<p style=\"text-align: center;\"><a href=\"https:\/\/www.futboltotal.com.mx\/wp-content\/uploads\/2016\/11\/Semifinales-definidas.jpg\"><img decoding=\"async\" loading=\"lazy\" class=\"alignnone size-full wp-image-445448\" src=\"https:\/\/www.futboltotal.com.mx\/wp-content\/uploads\/2016\/11\/Semifinales-definidas.jpg\" alt=\"semifinales-definidas\" srcset=\"http:\/\/desarrollo.grupomedios.com\/futbol\/wp-content\/uploads\/2016\/11\/Semifinales-definidas.jpg 1022w, http:\/\/desarrollo.grupomedios.com\/futbol\/wp-content\/uploads\/2016\/11\/Semifinales-definidas-300x271.jpg 300w, http:\/\/desarrollo.grupomedios.com\/futbol\/wp-content\/uploads\/2016\/11\/Semifinales-definidas-768x694.jpg 768w\" sizes=\"(max-width: 1022px) 100vw, 1022px\" \/><\/a><\/p>\n<p>Le\u00f3n hizo v\u00e1lida la maldici\u00f3n del superl\u00edder y destron\u00f3 a <em>Xolos<\/em> con global de 5-3. La <em>Fiera<\/em> sufri\u00f3 su primera derrota al mando de Javier Torrente y se pondr\u00e1 a prueba con la escuadra de <em>Ricardo<\/em> Ferretti.<\/p>\n<p>El duelo de Ida de esta serie ser\u00e1 el mi\u00e9rcoles en el Estadio Le\u00f3n y la vuelta ser\u00e1 el s\u00e1bado en el Volc\u00e1n.<\/p>\n<p>Am\u00e9rica consigui\u00f3 ganar el s\u00e9ptimo cl\u00e1sico del a\u00f1o y liquid\u00f3 a Chivas con global 2-1 en el Estadio Omnilife. Un gol de Oribe Peralta sentenci\u00f3 la gesta y mantuvo el invicto de las <em>\u00c1guilas<\/em>\u00a0en la era de Ricardo Antonio La Volpe.<\/p>\n<p>Por su parte, Necaxa hizo la hombrada y consigui\u00f3 dar jaque mate al campe\u00f3n Pachuca en el estadio Hidalgo. Fue suficiente defenderse a ultranza en el duelo de Vuelta y apelar al triunfo 2-1 en la Ida para ganar del derecho a enfrentar al Am\u00e9rica y\u00a0ratificar que es el <em>Caballo Negro <\/em>de la Liguilla.<\/p>\n<p>El duelo de Ida se disputar\u00e1 el jueves en el Estadio Azteca y el domingo ser\u00e1 la Vuelta en el estadio Victoria.<\/p>\n<p>Cabe apuntar que si Am\u00e9rica logra instalarse en la Final, el duelo de Vuelta se disputar\u00e1 el 25 de diciembre para que pueda cumplir sin problema con su participaci\u00f3n en el Mundial de Clubes.<\/p>\n","protected":false},"excerpt":{"rendered":"<p>Este lunes se conocer\u00e1n los horarios oficiales del par de encuentros<\/p>\n","protected":false},"author":20,"featured_media":445444,"comment_status":"closed","ping_status":"closed","sticky":false,"template":"","format":"standard","meta":[],"categories":[5,2198,3845],"tags":[5959,5965,261,5973],"_links":{"self":[{"href":"http:\/\/desarrollo.grupomedios.com\/futbol\/wp-json\/wp\/v2\/posts\/445443"}],"collection":[{"href":"http:\/\/desarrollo.grupomedios.com\/futbol\/wp-json\/wp\/v2\/posts"}],"about":[{"href":"http:\/\/desarrollo.grupomedios.com\/futbol\/wp-json\/wp\/v2\/types\/post"}],"author":[{"embeddable":true,"href":"http:\/\/desarrollo.grupomedios.com\/futbol\/wp-json\/wp\/v2\/users\/20"}],"replies":[{"embeddable":true,"href":"http:\/\/desarrollo.grupomedios.com\/futbol\/wp-json\/wp\/v2\/comments?post=445443"}],"version-history":[{"count":0,"href":"http:\/\/desarrollo.grupomedios.com\/futbol\/wp-json\/wp\/v2\/posts\/445443\/revisions"}],"wp:featuredmedia":[{"embeddable":true,"href":"http:\/\/desarrollo.grupomedios.com\/futbol\/wp-json\/wp\/v2\/media\/445444"}],"wp:attachment":[{"href":"http:\/\/desarrollo.grupomedios.com\/futbol\/wp-json\/wp\/v2\/media?parent=445443"}],"wp:term":[{"taxonomy":"category","embeddable":true,"href":"http:\/\/desarrollo.grupomedios.com\/futbol\/wp-json\/wp\/v2\/categories?post=445443"},{"taxonomy":"post_tag","embeddable":true,"href":"http:\/\/desarrollo.grupomedios.com\/futbol\/wp-json\/wp\/v2\/tags?post=445443"}],"curies":[{"name":"wp","href":"https:\/\/api.w.org\/{rel}","templated":true}]}}