{"id":445492,"date":"2016-11-28T09:43:09","date_gmt":"2016-11-28T15:43:09","guid":{"rendered":"https:\/\/www.futboltotal.com.mx\/?p=445492"},"modified":"2016-11-28T09:43:21","modified_gmt":"2016-11-28T15:43:21","slug":"lio-messi-y-cristiano-son-los-mejores-del-bosque","status":"publish","type":"post","link":"http:\/\/desarrollo.grupomedios.com\/futbol\/futbol-internacional\/lio-messi-y-cristiano-son-los-mejores-del-bosque\/2016\/11","title":{"rendered":"Messi y Ronaldo son los mejores: Del Bosque"},"content":{"rendered":"<p>El retirado director t\u00e9cnico, Vicente del Bosque, platic\u00f3 en una entrevista con FIFA.com sobre sus favoritos a ganar el premio The Best 2016. El ib\u00e9rico no dud\u00f3 en decir que el argentino Lionel Messi, del Barcelona, y el portugu\u00e9s <strong>Cristiano Ronaldo<\/strong>, del Real Madrid son los mejores jugadores en la actualidad.<\/p>\n<p>&#8220;Este tiempo lo han dominado Messi y <strong>Cristiano<\/strong>. Lo han dominado y me imagino que, para decidir, a cada uno le mueve la camiseta que se ponen, y para m\u00ed han sido los mejores&#8221;, se\u00f1al\u00f3 el t\u00e9cnico que con la Selecci\u00f3n de Espa\u00f1a conquist\u00f3 la Copa del Mundo de 2010 y la Eurocopa de 2012.<\/p>\n<p style=\"text-align: center;\"><a href=\"https:\/\/www.futboltotal.com.mx\/2016\/11\/carlos-vela-punto-nos-sabe-a-poco-futbol-asi\/\"><span style=\"color: #3366ff;\">LEER M\u00c1S: Carlos Vela: \u201cEl punto nos sabe a poco, el futbol es as\u00ed\u201d<\/span><\/a><\/p>\n<p>Para del Bosque faltaron algunos nombres m\u00e1s en la lista de 23 posibles ganadores del premio que ser\u00e1 concedido por la FIFA, luego de desligarse de la entrega del Bal\u00f3n de Oro en conjunto con la revista francesa France Football: &#8220;Creo que habr\u00eda sido posible incluir alguno m\u00e1s. Por ejemplo Sergio Busquets o Gerard Piqu\u00e9. Ellos son jugadores que han marcado tambi\u00e9n una etapa grande del futbol espa\u00f1ol&#8221;.<\/p>\n<p>El ext\u00e9cnico salmantino tambi\u00e9n extern\u00f3 que el mejor t\u00e9cnico del a\u00f1o 2016, para \u00e9l, ha sido el argentino Diego Simeone del Atl\u00e9tico de Madrid, pero precis\u00f3 que lo elige no solo por lo que ha hecho este a\u00f1o: &#8220;Ha sido una trayectoria de estos \u00faltimos a\u00f1os muy importante. Le ha dado una identidad a su equipo y han competido muy bien. Creo que no estar\u00eda alejado de \u00e9l, sin despreciar en absoluto a ninguno de los que est\u00e1n por detr\u00e1s, con mi reconocimiento hacia ellos&#8221;.<\/p>\n<p style=\"text-align: center;\"><a href=\"https:\/\/www.futboltotal.com.mx\/2016\/11\/viene-messi-intentaremos-ganar-dalmau\/\"><span style=\"color: #3366ff;\">LEER M\u00c1S:\u00a0Si no viene Messi, intentaremos ganar: Dalmau <\/span><\/a><\/p>\n<p>Unos de los estrategas nominados con Zinedine Zidane del Real Madrid y Luis Enrique del Barcelona, dos a lo que lleg\u00f3 a dirigir en alguna ocasi\u00f3n. De ellos, Del Bosque opin\u00f3: &#8220;Como jugadores eran buen\u00edsimos los dos, fant\u00e1sticos en todos los sentidos. En capacidad f\u00edsica, en calidad, en el entusiasmo por ganar\u2026 Eran gente competitiva, muy competitiva y con un enorme talento natural.<\/p>\n<p>&#8220;Como entrenadores no puedo juzgarlos, porque no los conozco. Hay que vivirlos, mirarles a la cara, ver c\u00f3mo se desenvuelven en el vestuario. Eso hasta que no se ve no se puede opinar. Cometer\u00eda un grave error. Lo que da en la imagen de televisi\u00f3n es que uno es de una forma de ser, otro de otra, y que los dos lo hacen muy bien&#8221;.<\/p>\n<p>&nbsp;<\/p>\n","protected":false},"excerpt":{"rendered":"<p>Para el salmantino, Diego Simeone deber\u00eda ser premiado al mejor t\u00e9cnico.<\/p>\n","protected":false},"author":127,"featured_media":445495,"comment_status":"closed","ping_status":"closed","sticky":false,"template":"","format":"standard","meta":[],"categories":[7542,3839],"tags":[7588,1883],"_links":{"self":[{"href":"http:\/\/desarrollo.grupomedios.com\/futbol\/wp-json\/wp\/v2\/posts\/445492"}],"collection":[{"href":"http:\/\/desarrollo.grupomedios.com\/futbol\/wp-json\/wp\/v2\/posts"}],"about":[{"href":"http:\/\/desarrollo.grupomedios.com\/futbol\/wp-json\/wp\/v2\/types\/post"}],"author":[{"embeddable":true,"href":"http:\/\/desarrollo.grupomedios.com\/futbol\/wp-json\/wp\/v2\/users\/127"}],"replies":[{"embeddable":true,"href":"http:\/\/desarrollo.grupomedios.com\/futbol\/wp-json\/wp\/v2\/comments?post=445492"}],"version-history":[{"count":0,"href":"http:\/\/desarrollo.grupomedios.com\/futbol\/wp-json\/wp\/v2\/posts\/445492\/revisions"}],"wp:featuredmedia":[{"embeddable":true,"href":"http:\/\/desarrollo.grupomedios.com\/futbol\/wp-json\/wp\/v2\/media\/445495"}],"wp:attachment":[{"href":"http:\/\/desarrollo.grupomedios.com\/futbol\/wp-json\/wp\/v2\/media?parent=445492"}],"wp:term":[{"taxonomy":"category","embeddable":true,"href":"http:\/\/desarrollo.grupomedios.com\/futbol\/wp-json\/wp\/v2\/categories?post=445492"},{"taxonomy":"post_tag","embeddable":true,"href":"http:\/\/desarrollo.grupomedios.com\/futbol\/wp-json\/wp\/v2\/tags?post=445492"}],"curies":[{"name":"wp","href":"https:\/\/api.w.org\/{rel}","templated":true}]}}