{"id":445493,"date":"2016-11-28T09:57:45","date_gmt":"2016-11-28T15:57:45","guid":{"rendered":"https:\/\/www.futboltotal.com.mx\/?p=445493"},"modified":"2016-11-28T12:14:59","modified_gmt":"2016-11-28T18:14:59","slug":"fanatico-necaxa-apunalado-tras-duelo-pachuca","status":"publish","type":"post","link":"http:\/\/desarrollo.grupomedios.com\/futbol\/futbol-mexicano\/fanatico-necaxa-apunalado-tras-duelo-pachuca\/2016\/11","title":{"rendered":"Fan\u00e1tico del Necaxa, apu\u00f1alado tras duelo con Pachuca"},"content":{"rendered":"<p>Los episodios lamentables siguen present\u00e1ndose alrededor de la <strong>Liga MX<\/strong>, esta vez sucediendo tras el duelo de vuelta de los cuartos de final del Apertura 2016 en el que el <a href=\"https:\/\/www.futboltotal.com.mx\/2016\/11\/necaxa-deja-al-campeon-pachuca\/\"><strong>Necaxa<\/strong> concret\u00f3 la eliminaci\u00f3n del pasado campe\u00f3n, <strong>Pachuca<\/strong><\/a>.<\/p>\n<p>Al t\u00e9rmino del partido que concluy\u00f3 con marcador de 0-0, global de 2-1 en favor de los <strong>Rayos<\/strong>, un aficionado de los necaxistas sufri\u00f3 un ataque\u00a0y fue apu\u00f1alado, presuntamente por un seguidor de los <strong>Tuzos<\/strong>.<\/p>\n<p>Esta informaci\u00f3n circul\u00f3 en redes sociales por medio de un video, en el que aparece\u00a0Erik Bautista Hern\u00e1ndez tirado en el suelo y sangrando notablemente en la zona lateral del pecho, mientras se escuchan diversas voces de la gente alrededor pidiendo una ambulancia para atender a la persona herida as\u00ed como auxiliando al ca\u00eddo y pidi\u00e9ndole que estire sus brazos y piernas.<\/p>\n<p><a href=\"https:\/\/www.futboltotal.com.mx\/2016\/11\/aficionados-america-chivas-protagonizan-bronca-en-azteca\/\">LEER M\u00c1S: SANGRIENTA PELEA DE FANS DE AM\u00c9RICA Y CHIVAS EN EL AZTECA<\/a><\/p>\n<p>Incluso, hay algunos presentes que recriminan al <strong>Pachuca<\/strong>, o a su afici\u00f3n, por la lamentable acci\u00f3n acontecida tras este duelo de Liguilla. No puedes dejar de ver este video.<\/p>\n<p>&nbsp;<\/p>\n<blockquote class=\"twitter-tweet\" data-lang=\"es\">\n<p dir=\"ltr\" lang=\"es\"><a href=\"https:\/\/twitter.com\/hashtag\/Necaxa?src=hash\">#Necaxa<\/a> | \u26a0\ufe0f Im\u00e1genes fuertes. Un aficionado del <a href=\"https:\/\/twitter.com\/ClubNecaxa\">@ClubNecaxa<\/a> fue apu\u00f1alado luego del partido de hoy, de nombre Erik Bautista Hern\u00e1ndez. <a href=\"https:\/\/t.co\/vD6H3hFL5X\">pic.twitter.com\/vD6H3hFL5X<\/a><\/p>\n<p>\u2014 PressPort (@PressPortmx) <a href=\"https:\/\/twitter.com\/PressPortmx\/status\/803132639297142784\">28 de noviembre de 2016<\/a><\/p><\/blockquote>\n<p><script async src=\"\/\/platform.twitter.com\/widgets.js\" charset=\"utf-8\"><\/script><\/p>\n","protected":false},"excerpt":{"rendered":"<p>Un seguidor necaxista yace sangrando, presuntamente atacado por un fan de Tuzos.<\/p>\n","protected":false},"author":20,"featured_media":445494,"comment_status":"closed","ping_status":"closed","sticky":false,"template":"","format":"standard","meta":[],"categories":[2198,3845,5950],"tags":[64,1046,261,5968,263,73],"_links":{"self":[{"href":"http:\/\/desarrollo.grupomedios.com\/futbol\/wp-json\/wp\/v2\/posts\/445493"}],"collection":[{"href":"http:\/\/desarrollo.grupomedios.com\/futbol\/wp-json\/wp\/v2\/posts"}],"about":[{"href":"http:\/\/desarrollo.grupomedios.com\/futbol\/wp-json\/wp\/v2\/types\/post"}],"author":[{"embeddable":true,"href":"http:\/\/desarrollo.grupomedios.com\/futbol\/wp-json\/wp\/v2\/users\/20"}],"replies":[{"embeddable":true,"href":"http:\/\/desarrollo.grupomedios.com\/futbol\/wp-json\/wp\/v2\/comments?post=445493"}],"version-history":[{"count":0,"href":"http:\/\/desarrollo.grupomedios.com\/futbol\/wp-json\/wp\/v2\/posts\/445493\/revisions"}],"wp:featuredmedia":[{"embeddable":true,"href":"http:\/\/desarrollo.grupomedios.com\/futbol\/wp-json\/wp\/v2\/media\/445494"}],"wp:attachment":[{"href":"http:\/\/desarrollo.grupomedios.com\/futbol\/wp-json\/wp\/v2\/media?parent=445493"}],"wp:term":[{"taxonomy":"category","embeddable":true,"href":"http:\/\/desarrollo.grupomedios.com\/futbol\/wp-json\/wp\/v2\/categories?post=445493"},{"taxonomy":"post_tag","embeddable":true,"href":"http:\/\/desarrollo.grupomedios.com\/futbol\/wp-json\/wp\/v2\/tags?post=445493"}],"curies":[{"name":"wp","href":"https:\/\/api.w.org\/{rel}","templated":true}]}}