{"id":445501,"date":"2016-11-28T10:22:52","date_gmt":"2016-11-28T16:22:52","guid":{"rendered":"https:\/\/www.futboltotal.com.mx\/?p=445501"},"modified":"2016-11-28T10:22:52","modified_gmt":"2016-11-28T16:22:52","slug":"jose-ramon-fernandez-vete-al-infierno","status":"publish","type":"post","link":"http:\/\/desarrollo.grupomedios.com\/futbol\/futbol-mexicano\/jose-ramon-fernandez-vete-al-infierno\/2016\/11","title":{"rendered":"Jos\u00e9 Ram\u00f3n Fern\u00e1ndez: &#8220;Vete al infierno&#8221;"},"content":{"rendered":"<p>No hay antiamericanista m\u00e1s recalcitrante que <strong>Jos\u00e9 Ram\u00f3n Fern\u00e1ndez<\/strong>, por ello todos esperaban ver su reacci\u00f3n luego de que las <strong>\u00c1guilas<\/strong> eliminaron a las <strong>Chivas<\/strong> en los Cuartos de Final del <strong>Apertura 2016<\/strong>.<\/p>\n<p>Y es que d\u00edas antes, el pol\u00e9mico comentarista de <strong>ESPN<\/strong>, hab\u00eda calificado al Am\u00e9rica como un equipo &#8220;pinche&#8221; y estaba seguro que las <strong>Chivas<\/strong> los eliminar\u00edan para dar por terminado un a\u00f1o Centenario de pesadilla para los de Coapa.<\/p>\n<p style=\"text-align: center;\"><span style=\"color: #0000ff;\"><strong>LEER M\u00c1S:<\/strong> <a style=\"color: #0000ff;\" href=\"https:\/\/www.futboltotal.com.mx\/2016\/11\/aguantar-sin-llorar-almeyda\/\">La postura de Almeyda tras la eliminaci\u00f3n<\/a><\/span><\/p>\n<p>A unos minutos del silbatazo final, en el programa &#8220;Futbol Picante&#8221;, el periodista <strong>\u00c1lvaro Morales<\/strong> dio su punto de vista, asegurando que <strong>Mat\u00edas Almeyda<\/strong>, DT de las Chivas, est\u00e1 sobrevalorado, que los rojiblancos son un equipo que s\u00f3lo le ganaba a escuadras &#8220;muertas&#8221;, pero que nadie le cre\u00eda &#8220;porqu\u00e9 no s\u00e9 hablar bien&#8221;, todo con un tono ir\u00f3nico, burl\u00e1ndose de <strong>Jos\u00e9 Ram\u00f3n Fern\u00e1ndez<\/strong> y su confianza en el Reba\u00f1o.<\/p>\n<p>&nbsp;<\/p>\n<blockquote class=\"twitter-tweet\" data-lang=\"en\">\n<p dir=\"ltr\" lang=\"es\">Buenos d\u00edas a todos&#8230; \u00a1desde el infierno!<\/p>\n<p>(Menos a los que se convirtieron en muertos al quedar eliminados en la liguilla).<\/p>\n<p>\u2014 \u00c1lvaro Morales (@AlvaritoMorales) <a href=\"https:\/\/twitter.com\/AlvaritoMorales\/status\/803269044799500288\">November 28, 2016<\/a><\/p><\/blockquote>\n<p><script async src=\"\/\/platform.twitter.com\/widgets.js\" charset=\"utf-8\"><\/script><\/p>\n<p>Despu\u00e9s de la intervenci\u00f3n de Morales, <strong>Jos\u00e9 Ram\u00f3n Fern\u00e1ndez<\/strong> s\u00f3lo atin\u00f3 a decirle: &#8220;Al infierno, vete al Infierno, <strong>\u00c1lvaro Morales<\/strong>&#8220;, mandando el programa a pausa.<\/p>\n<p><iframe loading=\"lazy\" src=\"https:\/\/www.youtube.com\/embed\/gduVQj3NYFk\" frameborder=\"0\" allowfullscreen=\"allowfullscreen\"><\/iframe><\/p>\n","protected":false},"excerpt":{"rendered":"<p>El pol\u00e9mico comentarista explot\u00f3 contra un compa\u00f1ero por las burlas tras la eliminaci\u00f3n de Chivas a manos del Am\u00e9rica.<\/p>\n","protected":false},"author":20,"featured_media":445503,"comment_status":"closed","ping_status":"closed","sticky":false,"template":"","format":"standard","meta":[],"categories":[5419,2198,3845],"tags":[5959,5448,6974],"_links":{"self":[{"href":"http:\/\/desarrollo.grupomedios.com\/futbol\/wp-json\/wp\/v2\/posts\/445501"}],"collection":[{"href":"http:\/\/desarrollo.grupomedios.com\/futbol\/wp-json\/wp\/v2\/posts"}],"about":[{"href":"http:\/\/desarrollo.grupomedios.com\/futbol\/wp-json\/wp\/v2\/types\/post"}],"author":[{"embeddable":true,"href":"http:\/\/desarrollo.grupomedios.com\/futbol\/wp-json\/wp\/v2\/users\/20"}],"replies":[{"embeddable":true,"href":"http:\/\/desarrollo.grupomedios.com\/futbol\/wp-json\/wp\/v2\/comments?post=445501"}],"version-history":[{"count":0,"href":"http:\/\/desarrollo.grupomedios.com\/futbol\/wp-json\/wp\/v2\/posts\/445501\/revisions"}],"wp:featuredmedia":[{"embeddable":true,"href":"http:\/\/desarrollo.grupomedios.com\/futbol\/wp-json\/wp\/v2\/media\/445503"}],"wp:attachment":[{"href":"http:\/\/desarrollo.grupomedios.com\/futbol\/wp-json\/wp\/v2\/media?parent=445501"}],"wp:term":[{"taxonomy":"category","embeddable":true,"href":"http:\/\/desarrollo.grupomedios.com\/futbol\/wp-json\/wp\/v2\/categories?post=445501"},{"taxonomy":"post_tag","embeddable":true,"href":"http:\/\/desarrollo.grupomedios.com\/futbol\/wp-json\/wp\/v2\/tags?post=445501"}],"curies":[{"name":"wp","href":"https:\/\/api.w.org\/{rel}","templated":true}]}}