{"id":445525,"date":"2016-11-28T12:51:10","date_gmt":"2016-11-28T18:51:10","guid":{"rendered":"https:\/\/www.futboltotal.com.mx\/?p=445525"},"modified":"2016-11-28T17:32:15","modified_gmt":"2016-11-28T23:32:15","slug":"cholo-simeone-se-conmueve-la-actuacion-hijo-ante-la-juventus","status":"publish","type":"post","link":"http:\/\/desarrollo.grupomedios.com\/futbol\/futbol-internacional\/cholo-simeone-se-conmueve-la-actuacion-hijo-ante-la-juventus\/2016\/11","title":{"rendered":"Simeone, conmovido por doblete de su hijo ante Juventus"},"content":{"rendered":"<p>Reza un antiguo adagio: \u201cDe tal palo, tal astilla\u201d. Diego <strong>Simeone<\/strong> bien puede atestiguarlo en estos momentos, cuando est\u00e1 todav\u00eda fresca la gran actuaci\u00f3n de su hijo Giovanni en Italia.<\/p>\n<p>El domingo, en el encuentro que enfrent\u00f3 al Genoa -el equipo donde milita el hijo del Cholo\u00a0<strong>Simeone<\/strong>&#8211; con la Juventus, Giovanni se luci\u00f3 marcando dos goles que fueron decisivos para el triunfo 3-1 de su escuadra.<\/p>\n<p style=\"text-align: center;\"><a href=\"https:\/\/www.futboltotal.com.mx\/2016\/11\/doblete-giovanni-simeone-hunde-a-la-juventus\/\" target=\"_blank\"><span style=\"color: #3366ff;\"><strong>LEER M\u00c1S: Un doblete de Giovanni Simeone hunde a la Juventus<\/strong><\/span><\/a><\/p>\n<p>Como es natural, Diego Pablo\u00a0<strong>Simeone<\/strong> se sinti\u00f3 feliz por la actuaci\u00f3n de su v\u00e1stago y as\u00ed lo dej\u00f3 ver en una reacci\u00f3n p\u00fablica, a trav\u00e9s de su cuenta de Twitter.<\/p>\n<p>El director t\u00e9cnico del Atl\u00e9tico de Madrid public\u00f3 un mensaje con una imagen en la que aparecen tanto \u00e9l como Giovanni, ambos en encuentros ante la Juventus.<\/p>\n<blockquote class=\"twitter-tweet\" data-lang=\"es\">\n<p dir=\"ltr\" lang=\"es\">EMOCIONANTE <a href=\"https:\/\/t.co\/7Jcz3WW9ar\">pic.twitter.com\/7Jcz3WW9ar<\/a><\/p>\n<p>\u2014 Diego Pablo Simeone (@Simeone) <a href=\"https:\/\/twitter.com\/Simeone\/status\/802996702823272448\">27 de noviembre de 2016<\/a><\/p><\/blockquote>\n<p><script async src=\"\/\/platform.twitter.com\/widgets.js\" charset=\"utf-8\"><\/script><\/p>\n<p>En las fotograf\u00edas, los dos miembros de la dinast\u00eda <strong>Simeone<\/strong> festejan frente a la <em>Vecchia Signora<\/em>. El recuerdo y la comparaci\u00f3n calaron en el entrenador <em>Colchonero<\/em>, que acompa\u00f1\u00f3 la imagen con una sola palabra: \u201cEMOCIONANTE\u201d.<\/p>\n<p>Giovanni <strong>Simeone<\/strong> dio el salto al futbol europeo esta temporada -desde Banfield- y en lo que va de la Serie A ha marcado cuatro anotaciones, por lo que es el mejor anotador del Genoa; el hijo del <em>Cholo<\/em> ha participado en 11 de las 14 fechas del campeonato italiano hasta ahora, en donde su equipo se ubica en la novena posici\u00f3n.<\/p>\n","protected":false},"excerpt":{"rendered":"<p>Tras el doblete de Giovanni Simeone, su padre hizo p\u00fablica su emoci\u00f3n.<\/p>\n","protected":false},"author":20,"featured_media":408698,"comment_status":"closed","ping_status":"closed","sticky":false,"template":"","format":"standard","meta":[],"categories":[3839,3844,3848,5951],"tags":[5128,2047,6007,7660,7058,7661,1384,253,161,292,5999,76,5958,3079],"_links":{"self":[{"href":"http:\/\/desarrollo.grupomedios.com\/futbol\/wp-json\/wp\/v2\/posts\/445525"}],"collection":[{"href":"http:\/\/desarrollo.grupomedios.com\/futbol\/wp-json\/wp\/v2\/posts"}],"about":[{"href":"http:\/\/desarrollo.grupomedios.com\/futbol\/wp-json\/wp\/v2\/types\/post"}],"author":[{"embeddable":true,"href":"http:\/\/desarrollo.grupomedios.com\/futbol\/wp-json\/wp\/v2\/users\/20"}],"replies":[{"embeddable":true,"href":"http:\/\/desarrollo.grupomedios.com\/futbol\/wp-json\/wp\/v2\/comments?post=445525"}],"version-history":[{"count":0,"href":"http:\/\/desarrollo.grupomedios.com\/futbol\/wp-json\/wp\/v2\/posts\/445525\/revisions"}],"wp:featuredmedia":[{"embeddable":true,"href":"http:\/\/desarrollo.grupomedios.com\/futbol\/wp-json\/wp\/v2\/media\/408698"}],"wp:attachment":[{"href":"http:\/\/desarrollo.grupomedios.com\/futbol\/wp-json\/wp\/v2\/media?parent=445525"}],"wp:term":[{"taxonomy":"category","embeddable":true,"href":"http:\/\/desarrollo.grupomedios.com\/futbol\/wp-json\/wp\/v2\/categories?post=445525"},{"taxonomy":"post_tag","embeddable":true,"href":"http:\/\/desarrollo.grupomedios.com\/futbol\/wp-json\/wp\/v2\/tags?post=445525"}],"curies":[{"name":"wp","href":"https:\/\/api.w.org\/{rel}","templated":true}]}}