{"id":445550,"date":"2016-11-28T17:44:48","date_gmt":"2016-11-28T23:44:48","guid":{"rendered":"https:\/\/www.futboltotal.com.mx\/?p=445550"},"modified":"2016-11-29T09:24:28","modified_gmt":"2016-11-29T15:24:28","slug":"causa-efecto-marcelo-barovero","status":"publish","type":"post","link":"http:\/\/desarrollo.grupomedios.com\/futbol\/videos\/causa-efecto-marcelo-barovero\/2016\/11","title":{"rendered":"Causa y efecto de&#8230; Marcelo Barovero"},"content":{"rendered":"<p>\u00bfQui\u00e9n fue la gran figura de los Cuartos de Final del Apertura 2016? Habr\u00eda sido muy f\u00e1cil elegir al delantero Andr\u00e9 Pierre Gignac, quien se reencontr\u00f3 con el gol marcando su segundo <em>Hat-Trick<\/em> en la Liga MX. Pero hab\u00eda que encontrar otro gran protagonista, un personaje alterno que tambi\u00e9n hubiese tenido una actuaci\u00f3n tit\u00e1nica y capaz de ganarse una ovaci\u00f3n sin necesidad de moverlas redes. Y ese fue el arquero argentino Marcelo Barovero.<\/p>\n<p>El <em>Trapito<\/em>, como le apodan por su parecido con un espantap\u00e1jaros de un c\u00f3mic argentino,\u00a0pas\u00f3 media vida jugando en su natal Argentina. All\u00ed se hizo de un nombre y forj\u00f3 una reputaci\u00f3n con la ayuda de \u00c1ngel Comizzo, exportero del Le\u00f3n y Morelia, y del DT Mat\u00edas Almeyda. Uno puli\u00f3 su talento, el otro le diola oportunidad de confirmar que pod\u00eda ser una leyenda.<\/p>\n<p style=\"text-align: center;\"><span style=\"color: #3366ff;\">LEER M\u00c1S: Todas las noticias de futbol mexicano<\/span><\/p>\n<p style=\"text-align: center;\">[video_player]https:\/\/player.vimeo.com\/external\/193427133.hd.mp4?s=2c7b6ce557f3a1030f0e6fe32a5798408169a3f1&amp;profile_id=174[\/video_player]<\/p>\n<p style=\"text-align: left;\">En el verano pasado, Barovero decidi\u00f3 venir a M\u00e9xico para jugar con el Necaxa. Sab\u00eda perfectamente que llegar\u00eda a un equipo reci\u00e9n ascendido y que cada fin de semana jugar\u00eda una final para salvar la categor\u00eda. No le import\u00f3 y asumi\u00f3 el riesgo. &#8220;A mis 32 a\u00f1os no ten\u00eda nada que perder y s\u00ed mucho que ganar&#8221;, admiti\u00f3 antes de ser presentado como refuerzo estelar de los <em>Rayos.<\/em><\/p>\n<p style=\"text-align: left;\">Y despu\u00e9s de cinco meses en la Liga MX, Marcelo est\u00e1 en fuego y mantiene su calibre de aut\u00e9ntico guardi\u00e1n. No solo fue el portero que m\u00e1s atajadas hizo (77) en la Fase Regular del Apertura 2016,\u00a0sino fue el \u00fanico que contuvo cualquier cantidad de embates en los Cuartos de Final para sostener a su equipo y catapultarlo a las Semifinales. &#8220;El objetivo era salvarnos y hoy lo estamos y seguimos adelante&#8221;, dijo Barovero. El sue\u00f1o de jugar su primera Final est\u00e1 en marcha.<\/p>\n<p>&nbsp;<\/p>\n","protected":false},"excerpt":{"rendered":"<p>Sin la ayuda del exarquero Comizzo y el DT Mat\u00edas Almeyda, Trapito no ser\u00eda un imponente arquero. <\/p>\n","protected":false},"author":20,"featured_media":445568,"comment_status":"closed","ping_status":"closed","sticky":false,"template":"","format":"standard","meta":[],"categories":[2198,3845,4],"tags":[6870,261],"_links":{"self":[{"href":"http:\/\/desarrollo.grupomedios.com\/futbol\/wp-json\/wp\/v2\/posts\/445550"}],"collection":[{"href":"http:\/\/desarrollo.grupomedios.com\/futbol\/wp-json\/wp\/v2\/posts"}],"about":[{"href":"http:\/\/desarrollo.grupomedios.com\/futbol\/wp-json\/wp\/v2\/types\/post"}],"author":[{"embeddable":true,"href":"http:\/\/desarrollo.grupomedios.com\/futbol\/wp-json\/wp\/v2\/users\/20"}],"replies":[{"embeddable":true,"href":"http:\/\/desarrollo.grupomedios.com\/futbol\/wp-json\/wp\/v2\/comments?post=445550"}],"version-history":[{"count":0,"href":"http:\/\/desarrollo.grupomedios.com\/futbol\/wp-json\/wp\/v2\/posts\/445550\/revisions"}],"wp:featuredmedia":[{"embeddable":true,"href":"http:\/\/desarrollo.grupomedios.com\/futbol\/wp-json\/wp\/v2\/media\/445568"}],"wp:attachment":[{"href":"http:\/\/desarrollo.grupomedios.com\/futbol\/wp-json\/wp\/v2\/media?parent=445550"}],"wp:term":[{"taxonomy":"category","embeddable":true,"href":"http:\/\/desarrollo.grupomedios.com\/futbol\/wp-json\/wp\/v2\/categories?post=445550"},{"taxonomy":"post_tag","embeddable":true,"href":"http:\/\/desarrollo.grupomedios.com\/futbol\/wp-json\/wp\/v2\/tags?post=445550"}],"curies":[{"name":"wp","href":"https:\/\/api.w.org\/{rel}","templated":true}]}}