{"id":445611,"date":"2016-11-29T09:16:33","date_gmt":"2016-11-29T15:16:33","guid":{"rendered":"https:\/\/www.futboltotal.com.mx\/?p=445611"},"modified":"2016-11-29T09:31:46","modified_gmt":"2016-11-29T15:31:46","slug":"confirman-portero-danilo-padilha-chapecoense-fallecio-accidente","status":"publish","type":"post","link":"http:\/\/desarrollo.grupomedios.com\/futbol\/futbol-internacional\/confirman-portero-danilo-padilha-chapecoense-fallecio-accidente\/2016\/11","title":{"rendered":"Confirman que portero Danilo Padilha falleci\u00f3 en accidente"},"content":{"rendered":"<p class=\"DETALLE_N_titulo \"><span id=\"ctl14_lblMostra\">La Aeron\u00e1utica Civil de Colombia confirm\u00f3 que el sexto superviviente del avi\u00f3n accidentado del club brasile\u00f1o <strong>Chapecoense<\/strong> es el defensa <strong>Helio Neto,<\/strong> mientras que el arquero <strong>Danilo Padilha<\/strong> ya no est\u00e1 entre los sobrevivientes, por lo que se entiende que es el herido reportado por las autoridades que falleci\u00f3 en el hospital.<\/span><\/p>\n<p>Seg\u00fan los nuevos datos, los supervivientes son los futbolistas Jackson Follman, Alan Ruschel y Helio Neto; la azafata boliviana Ximena Su\u00e1rez, el t\u00e9cnico de la aeronave Erwin Tumiri y el periodista brasile\u00f1o Rafael Valmorbida, seg\u00fan la lista facilitada por la Aeron\u00e1utica Civil.<\/p>\n<p>En un inicio, la lista de supervivientes inclu\u00eda a <strong>Danilo Padilha<\/strong>, si bien las autoridades informaron que uno de los rescatados entre los restos del avi\u00f3n falleci\u00f3 al llegar al hospital.<\/p>\n<p class=\"DETALLE_N_titulo \"><span id=\"ctl14_lblMostra\"><a href=\"https:\/\/www.futboltotal.com.mx\/2016\/11\/se-estrella-el-avion-del-chapecoense\/\">LEER M\u00c1S: SE ESTRELL\u00d3 EL AVI\u00d3N DEL CHAPECOENSE<\/a><\/span><\/p>\n<p>Fuentes de los organismos de rescate informaron que encontraron a Neto entre el fuselaje del avi\u00f3n y fue trasladado a un centro hospitalario.<\/p>\n<p>El accidente se produjo hacia las 22.00 hora local del lunes en las inmediaciones del cerro El Gordo, en la jurisdicci\u00f3n del municipio de La Uni\u00f3n, en el departamento de Antioquia (noroeste), cercano al aeropuerto Jos\u00e9 Mar\u00eda C\u00f3rdova de Medell\u00edn, situado en el vecino municipio de Rionegro.<\/p>\n<p class=\"DETALLE_N_titulo \"><span id=\"ctl14_lblMostra\"><a href=\"https:\/\/www.futboltotal.com.mx\/2016\/11\/la-ultima-imagen-del-chapecoense\/\">LEER M\u00c1S: LA \u00daLTIMA IMAGEN DEL CHAPECOENSE<\/a>&#8230;<\/span><\/p>\n<p>Seg\u00fan la Aeron\u00e1utica Civil de Colombia, adem\u00e1s de los 22 jugadores del <strong>Chapecoense<\/strong>, en el avi\u00f3n viajaban 28 dirigentes, miembros del cuerpo t\u00e9cnico e invitados especiales del club brasile\u00f1o, as\u00ed como 22 periodistas y nueve tripulantes.<\/p>\n<p>Los equipos de socorro siguen buscando en la zona posibles sobrevivientes.<\/p>\n<div id=\"texto\" class=\"texto_txt\"><\/div>\n","protected":false},"excerpt":{"rendered":"<p>En un inicio, la lista de supervivientes inclu\u00eda al arquero del Chapecoense brasile\u00f1o.<\/p>\n","protected":false},"author":144,"featured_media":445613,"comment_status":"closed","ping_status":"closed","sticky":false,"template":"","format":"standard","meta":[],"categories":[3839,5951],"tags":[7668,2092,7669,7670],"_links":{"self":[{"href":"http:\/\/desarrollo.grupomedios.com\/futbol\/wp-json\/wp\/v2\/posts\/445611"}],"collection":[{"href":"http:\/\/desarrollo.grupomedios.com\/futbol\/wp-json\/wp\/v2\/posts"}],"about":[{"href":"http:\/\/desarrollo.grupomedios.com\/futbol\/wp-json\/wp\/v2\/types\/post"}],"author":[{"embeddable":true,"href":"http:\/\/desarrollo.grupomedios.com\/futbol\/wp-json\/wp\/v2\/users\/144"}],"replies":[{"embeddable":true,"href":"http:\/\/desarrollo.grupomedios.com\/futbol\/wp-json\/wp\/v2\/comments?post=445611"}],"version-history":[{"count":0,"href":"http:\/\/desarrollo.grupomedios.com\/futbol\/wp-json\/wp\/v2\/posts\/445611\/revisions"}],"wp:featuredmedia":[{"embeddable":true,"href":"http:\/\/desarrollo.grupomedios.com\/futbol\/wp-json\/wp\/v2\/media\/445613"}],"wp:attachment":[{"href":"http:\/\/desarrollo.grupomedios.com\/futbol\/wp-json\/wp\/v2\/media?parent=445611"}],"wp:term":[{"taxonomy":"category","embeddable":true,"href":"http:\/\/desarrollo.grupomedios.com\/futbol\/wp-json\/wp\/v2\/categories?post=445611"},{"taxonomy":"post_tag","embeddable":true,"href":"http:\/\/desarrollo.grupomedios.com\/futbol\/wp-json\/wp\/v2\/tags?post=445611"}],"curies":[{"name":"wp","href":"https:\/\/api.w.org\/{rel}","templated":true}]}}