{"id":445648,"date":"2016-11-29T07:00:27","date_gmt":"2016-11-29T13:00:27","guid":{"rendered":"https:\/\/www.futboltotal.com.mx\/?p=445648"},"modified":"2016-11-29T11:09:19","modified_gmt":"2016-11-29T17:09:19","slug":"bastian-schweinsteiger-debe-castigar-al-manchester-united-uli-hoeness","status":"publish","type":"post","link":"http:\/\/desarrollo.grupomedios.com\/futbol\/futbol-internacional\/bastian-schweinsteiger-debe-castigar-al-manchester-united-uli-hoeness\/2016\/11","title":{"rendered":"Bastian debe castigar al United: Uli Hoeness"},"content":{"rendered":"<p>El presidente del Bayern M\u00fanich, Uli Hoeness, le ha aconsejado a su exjugador <strong>Bastian Schweinsteiger<\/strong> cobrarle cada centavo que pueda al Manchester United \u2013antes de que decida retirarse de las canchas\u2013, en represalia porque lo tiene congelado.<\/p>\n<p>&#8220;Si yo fuera \u00e9l, har\u00eda que la gente del Manchester United me pagara hasta el \u00faltimo d\u00eda&#8221;, asegur\u00f3 Hoeness en palabras a ESPN, quien a\u00f1adi\u00f3: &#8220;Eso es lo que se merece ese club por lo que le hicieron a <strong>Schweinsteiger<\/strong>. \u00a1Deben ser castigados&#8221;.<\/p>\n<p style=\"text-align: center;\"><a href=\"https:\/\/www.futboltotal.com.mx\/2016\/11\/queremos-que-chapecoense-sea-campeon-atletico-nacional\/\"><span style=\"color: #3366ff;\">LEER M\u00c1S: \u201cQueremos que Chapecoense sea campe\u00f3n\u201d: Atl\u00e9tico Nacional<\/span><\/a><\/p>\n<p>El alem\u00e1n que fuera campe\u00f3n del mundo en Brasil 2014 no ha sido considerado por el t\u00e9cnico portugu\u00e9s Jos\u00e9 Mourinho para jugar\u00a0 en esta temporada, ni siquiera lo consider\u00f3 en la lista de jugadores que disputa la Europa League. <em>The Special One<\/em> recientemente reintegr\u00f3 a <strong>Schweinsteiger<\/strong> a los entrenamientos del primer equipo, luego de semanas de haber trabajado con las categor\u00edas juveniles de los <em>Red Devils<\/em>.<\/p>\n<p>Desde que Mourinho es t\u00e9cnico del Manchester United, Bastian, de 32 a\u00f1os, no ha jugado un minuto en el club y a\u00fan le queda contrato hasta el 30 de junio de 2018, mismo que Hoeness le aconseja que cumpla: &#8220;Y cobrarles hasta el \u00faltimo d\u00eda&#8221;.<\/p>\n<p style=\"text-align: center;\"><a href=\"https:\/\/www.futboltotal.com.mx\/2016\/11\/morientes-apuesta-la-victoria-del-real-madrid\/\"><span style=\"color: #3366ff;\">LEER M\u00c1S: Morientes apuesta por la victoria madridista<\/span><\/a><\/p>\n<p><em>Schweini<\/em> consideraba al inicio de 2016 que el Manchester United ser\u00eda su \u00faltimo club en Europa para luego emigrar a la MLS de los Estados Unidos, pero Hoeness dijo: &#8220;Por lo que he escuchado, <em>Basti<\/em> est\u00e1 en su \u00faltima etapa como futbolista. Lo conozco bien y dudo que tenga ganas para enfrentar otro gran desaf\u00edo&#8221;.<\/p>\n<p>Luego a\u00f1adi\u00f3: &#8220;Luego de una carrera tan brillante, un jugador como \u00e9l no deber\u00eda de terminar su carrera en un lugar como Estados Unidos. Para m\u00ed, ese pa\u00eds no es una alternativa para un jugador de su calibre&#8221;.<\/p>\n<p>&nbsp;<\/p>\n","protected":false},"excerpt":{"rendered":"<p>El presidente del Bayern tambi\u00e9n asegura que la MLS no es del calibre de Schweini.<\/p>\n","protected":false},"author":127,"featured_media":445660,"comment_status":"closed","ping_status":"closed","sticky":false,"template":"","format":"standard","meta":[],"categories":[3857,3839,3846],"tags":[5746,7673,43,334],"_links":{"self":[{"href":"http:\/\/desarrollo.grupomedios.com\/futbol\/wp-json\/wp\/v2\/posts\/445648"}],"collection":[{"href":"http:\/\/desarrollo.grupomedios.com\/futbol\/wp-json\/wp\/v2\/posts"}],"about":[{"href":"http:\/\/desarrollo.grupomedios.com\/futbol\/wp-json\/wp\/v2\/types\/post"}],"author":[{"embeddable":true,"href":"http:\/\/desarrollo.grupomedios.com\/futbol\/wp-json\/wp\/v2\/users\/127"}],"replies":[{"embeddable":true,"href":"http:\/\/desarrollo.grupomedios.com\/futbol\/wp-json\/wp\/v2\/comments?post=445648"}],"version-history":[{"count":0,"href":"http:\/\/desarrollo.grupomedios.com\/futbol\/wp-json\/wp\/v2\/posts\/445648\/revisions"}],"wp:featuredmedia":[{"embeddable":true,"href":"http:\/\/desarrollo.grupomedios.com\/futbol\/wp-json\/wp\/v2\/media\/445660"}],"wp:attachment":[{"href":"http:\/\/desarrollo.grupomedios.com\/futbol\/wp-json\/wp\/v2\/media?parent=445648"}],"wp:term":[{"taxonomy":"category","embeddable":true,"href":"http:\/\/desarrollo.grupomedios.com\/futbol\/wp-json\/wp\/v2\/categories?post=445648"},{"taxonomy":"post_tag","embeddable":true,"href":"http:\/\/desarrollo.grupomedios.com\/futbol\/wp-json\/wp\/v2\/tags?post=445648"}],"curies":[{"name":"wp","href":"https:\/\/api.w.org\/{rel}","templated":true}]}}