{"id":445650,"date":"2016-11-29T10:01:15","date_gmt":"2016-11-29T16:01:15","guid":{"rendered":"https:\/\/www.futboltotal.com.mx\/?p=445650"},"modified":"2016-11-29T11:41:12","modified_gmt":"2016-11-29T17:41:12","slug":"luis-enrique-lanza-palo-a-la-prensa-previo-al-clasico","status":"publish","type":"post","link":"http:\/\/desarrollo.grupomedios.com\/futbol\/futbol-internacional\/luis-enrique-lanza-palo-a-la-prensa-previo-al-clasico\/2016\/11","title":{"rendered":"Luis Enrique lanza un palo a la prensa previo al Cl\u00e1sico"},"content":{"rendered":"<p>El director t\u00e9cnico del Barcelona, <strong>Luis Enrique<\/strong>, no es un tipo al que le gusten los periodistas y no ha hecho nunca alg\u00fan intento por ocultarlo.<\/p>\n<p>El t\u00e9cnico asturiano ha vuelto a dar muestra de ello en la rueda de prensa que ofreci\u00f3 este martes, previo al duelo que los <em>Blaugranas<\/em> sostendr\u00e1n contra el H\u00e9rcules en la Copa del Rey.<\/p>\n<p style=\"text-align: center;\"><a href=\"https:\/\/www.futboltotal.com.mx\/2016\/11\/andres-iniesta-regresa-a-entrenar-barcelona\/\" target=\"_blank\"><span style=\"color: #3366ff;\"><strong>LEER M\u00c1S:\u00a0Iniesta regresa a entrenar con el Barcelona<\/strong><\/span><\/a><\/p>\n<p>Antes de que el Barcelona enfrente al cuadro de Alicante, <strong>Luis Enrique<\/strong> habl\u00f3 con los representantes de los medios y luego de referirse a su rival y al encuentro que sostendr\u00e1n, habl\u00f3 de la actualidad <em>Cul\u00e9<\/em> y la posici\u00f3n en que marchan en La Liga de Espa\u00f1a.<\/p>\n<p>\u201cEntiendo cualquier situaci\u00f3n -comenz\u00f3 <strong>Luis Enrique<\/strong>-. Doy mi opini\u00f3n antes y despu\u00e9s de cada partido. Es evidente que debemos mejorar y que debemos ser m\u00e1s regulares\u201d.<\/p>\n<p style=\"text-align: center;\"><a href=\"https:\/\/www.futboltotal.com.mx\/2016\/11\/messi-barcelona-mejor-no-depende-jugador\/\" target=\"_blank\"><span style=\"color: #3366ff;\"><strong>LEER M\u00c1S: Messi: &#8220;El Bar\u00e7a es el mejor y no depende de un jugador&#8221;<\/strong><\/span><\/a><\/p>\n<p>Despu\u00e9s de eso, el entrenador del <em>Bar\u00e7a<\/em> habl\u00f3 del nivel que su escuadra ha mostrado: \u201cEs evidente que debemos mejorar y que debemos ser m\u00e1s regulares.\u201d De cualquier modo, lanz\u00f3 una advertencia: \u201cSeguimos siendo favoritos a todos los t\u00edtulos, pero es evidente que tenemos que mejorar\u201d.<\/p>\n<p>Luego, fue cuando Luis Enrique envi\u00f3 un dardo a los medios: \u201cNos falta regularidad, pero no exagerar\u00eda. M\u00e1s [considerando] que exagerasteis el primer a\u00f1o\u2026 Y luego ganamos el triplete\u201d.<\/p>\n<blockquote class=\"twitter-tweet\" data-lang=\"es\">\n<p dir=\"ltr\" lang=\"es\">&#x1f509; Luis Enrique: &#8220;La Real Sociedad ha sido muy superior a nosotros. Ha sido un milagro llegar al descanso con 0-0&#8221; <a href=\"https:\/\/twitter.com\/hashtag\/fcblive?src=hash\">#fcblive<\/a> <a href=\"https:\/\/twitter.com\/hashtag\/RealFCB?src=hash\">#RealFCB<\/a> <a href=\"https:\/\/t.co\/jENj3h3Xjy\">pic.twitter.com\/jENj3h3Xjy<\/a><\/p>\n<p>\u2014 FC Barcelona (@FCBarcelona_es) <a href=\"https:\/\/twitter.com\/FCBarcelona_es\/status\/802993461918044160\">27 de noviembre de 2016<\/a><\/p><\/blockquote>\n<p><script async src=\"\/\/platform.twitter.com\/widgets.js\" charset=\"utf-8\"><\/script><\/p>\n<p>De este modo, <strong>Luis Enrique<\/strong> destaca que su equipo sigue vivo en todos los torneos, incluida La Liga, en la que marcha en segundo lugar, seis puntos por detr\u00e1s del Real Madrid, al que se enfrentar\u00e1 el pr\u00f3ximo s\u00e1bado, en una nueva edici\u00f3n del Cl\u00e1sico espa\u00f1ol.<\/p>\n","protected":false},"excerpt":{"rendered":"<p>Previo al duelo de Copa del Rey del Bar\u00e7a, el DT dijo que no hay que exagerar con su nivel.<\/p>\n","protected":false},"author":20,"featured_media":418175,"comment_status":"closed","ping_status":"closed","sticky":false,"template":"","format":"standard","meta":[],"categories":[3839,3844,5951],"tags":[2086,5984,4051],"_links":{"self":[{"href":"http:\/\/desarrollo.grupomedios.com\/futbol\/wp-json\/wp\/v2\/posts\/445650"}],"collection":[{"href":"http:\/\/desarrollo.grupomedios.com\/futbol\/wp-json\/wp\/v2\/posts"}],"about":[{"href":"http:\/\/desarrollo.grupomedios.com\/futbol\/wp-json\/wp\/v2\/types\/post"}],"author":[{"embeddable":true,"href":"http:\/\/desarrollo.grupomedios.com\/futbol\/wp-json\/wp\/v2\/users\/20"}],"replies":[{"embeddable":true,"href":"http:\/\/desarrollo.grupomedios.com\/futbol\/wp-json\/wp\/v2\/comments?post=445650"}],"version-history":[{"count":0,"href":"http:\/\/desarrollo.grupomedios.com\/futbol\/wp-json\/wp\/v2\/posts\/445650\/revisions"}],"wp:featuredmedia":[{"embeddable":true,"href":"http:\/\/desarrollo.grupomedios.com\/futbol\/wp-json\/wp\/v2\/media\/418175"}],"wp:attachment":[{"href":"http:\/\/desarrollo.grupomedios.com\/futbol\/wp-json\/wp\/v2\/media?parent=445650"}],"wp:term":[{"taxonomy":"category","embeddable":true,"href":"http:\/\/desarrollo.grupomedios.com\/futbol\/wp-json\/wp\/v2\/categories?post=445650"},{"taxonomy":"post_tag","embeddable":true,"href":"http:\/\/desarrollo.grupomedios.com\/futbol\/wp-json\/wp\/v2\/tags?post=445650"}],"curies":[{"name":"wp","href":"https:\/\/api.w.org\/{rel}","templated":true}]}}