{"id":445659,"date":"2016-11-29T10:36:16","date_gmt":"2016-11-29T16:36:16","guid":{"rendered":"https:\/\/www.futboltotal.com.mx\/?p=445659"},"modified":"2016-11-29T10:49:45","modified_gmt":"2016-11-29T16:49:45","slug":"cleber-santana-ex-del-atletico-fallecio-en-accidente-del-chapecoense","status":"publish","type":"post","link":"http:\/\/desarrollo.grupomedios.com\/futbol\/futbol-internacional\/cleber-santana-ex-del-atletico-fallecio-en-accidente-del-chapecoense\/2016\/11","title":{"rendered":"Ex del Atl\u00e9tico falleci\u00f3 en el accidente del Chapecoense"},"content":{"rendered":"<p>La tragedia del <strong>Chapecoense<\/strong> ha sacudido al mundo del futbol; la noche del lunes se supo que el avi\u00f3n en el que viajaba equipo brasile\u00f1o a Colombia se estrell\u00f3 en Medell\u00edn.<\/p>\n<p>La informaci\u00f3n alrededor del accidente a\u00e9reo sigue surgiendo y una de las noticias que se han dado a conocer es que una de las personas que fallecieron fue el ex jugador del Atl\u00e9tico de Madrid Cl\u00e9ber Santana.<\/p>\n<blockquote class=\"twitter-tweet\" data-lang=\"es\">\n<p dir=\"ltr\" lang=\"es\">Nuestras condolencias a los familiares de los fallecidos en el accidente de avi\u00f3n del <a href=\"https:\/\/twitter.com\/ChapecoenseReal\">@ChapecoenseReal<\/a>. Descansen en paz.<\/p>\n<p>\u2014 Atl\u00e9tico de Madrid (@Atleti) <a href=\"https:\/\/twitter.com\/Atleti\/status\/803533896394674177\">29 de noviembre de 2016<\/a><\/p><\/blockquote>\n<p><script async src=\"\/\/platform.twitter.com\/widgets.js\" charset=\"utf-8\"><\/script><\/p>\n<p>El club del Vicente Calder\u00f3n expres\u00f3 su consternaci\u00f3n por el accidente del <strong>Chapecoense<\/strong> y envi\u00f3 sus condolencias a las familias de quienes fallecieron en el percance.<\/p>\n<p>El mediocampista brasile\u00f1o jug\u00f3 dos temporadas con el cuadro <em>Colchonero<\/em>, al cual lleg\u00f3 en la campa\u00f1a 2007-08, procedente del Santos. En la siguiente temporada Cl\u00e9ber Santana form\u00f3 parte del Mallorca, y regres\u00f3 al <em>Atleti<\/em> para el curso 2009-10.<\/p>\n<blockquote class=\"twitter-tweet\" data-lang=\"es\">\n<p dir=\"ltr\" lang=\"es\">Conmocionados por el accidente del avi\u00f3n en el que viajaba el <a href=\"https:\/\/twitter.com\/ChapecoenseReal\">@ChapecoenseReal<\/a> y nuestro exjugador Cl\u00e9ber Santana.<\/p>\n<p>\u2014 Atl\u00e9tico de Madrid (@Atleti) <a href=\"https:\/\/twitter.com\/Atleti\/status\/803533788487806977\">29 de noviembre de 2016<\/a><\/p><\/blockquote>\n<p><script async src=\"\/\/platform.twitter.com\/widgets.js\" charset=\"utf-8\"><\/script><\/p>\n<p>Para la segunda mitad de esa campa\u00f1a, Cl\u00e9ber Santana volvi\u00f3 a su pa\u00eds, con el Sao Paulo; a partir de ah\u00ed, continu\u00f3 haciendo toda su carrera en el futbol de Brasil.<\/p>\n<p>Su experiencia en el balompi\u00e9 de Espa\u00f1a con el Atl\u00e9tico de Madrid fue la segunda experiencia que el jugador ten\u00eda en el extranjero, pues en 2005 estuvo en Jap\u00f3n con el Kashiwa Reysol. 2015 fue el a\u00f1o en que el centrocampista se uni\u00f3 al <strong>Chapecoense<\/strong>, con el que disput\u00f3 casi 100 encuentros oficiales.<\/p>\n","protected":false},"excerpt":{"rendered":"<p>El Atl\u00e9tico de Madrid expres\u00f3 sus condolencias por el accidente del Chapecoense.<\/p>\n","protected":false},"author":20,"featured_media":445667,"comment_status":"closed","ping_status":"closed","sticky":false,"template":"","format":"standard","meta":[],"categories":[3839,3844,5951],"tags":[5128,2047,6007,7668,2048],"_links":{"self":[{"href":"http:\/\/desarrollo.grupomedios.com\/futbol\/wp-json\/wp\/v2\/posts\/445659"}],"collection":[{"href":"http:\/\/desarrollo.grupomedios.com\/futbol\/wp-json\/wp\/v2\/posts"}],"about":[{"href":"http:\/\/desarrollo.grupomedios.com\/futbol\/wp-json\/wp\/v2\/types\/post"}],"author":[{"embeddable":true,"href":"http:\/\/desarrollo.grupomedios.com\/futbol\/wp-json\/wp\/v2\/users\/20"}],"replies":[{"embeddable":true,"href":"http:\/\/desarrollo.grupomedios.com\/futbol\/wp-json\/wp\/v2\/comments?post=445659"}],"version-history":[{"count":0,"href":"http:\/\/desarrollo.grupomedios.com\/futbol\/wp-json\/wp\/v2\/posts\/445659\/revisions"}],"wp:featuredmedia":[{"embeddable":true,"href":"http:\/\/desarrollo.grupomedios.com\/futbol\/wp-json\/wp\/v2\/media\/445667"}],"wp:attachment":[{"href":"http:\/\/desarrollo.grupomedios.com\/futbol\/wp-json\/wp\/v2\/media?parent=445659"}],"wp:term":[{"taxonomy":"category","embeddable":true,"href":"http:\/\/desarrollo.grupomedios.com\/futbol\/wp-json\/wp\/v2\/categories?post=445659"},{"taxonomy":"post_tag","embeddable":true,"href":"http:\/\/desarrollo.grupomedios.com\/futbol\/wp-json\/wp\/v2\/tags?post=445659"}],"curies":[{"name":"wp","href":"https:\/\/api.w.org\/{rel}","templated":true}]}}