{"id":445722,"date":"2016-11-29T14:58:49","date_gmt":"2016-11-29T20:58:49","guid":{"rendered":"https:\/\/www.futboltotal.com.mx\/?p=445722"},"modified":"2016-11-29T15:20:13","modified_gmt":"2016-11-29T21:20:13","slug":"dayro-moreno-dejaria-xolos-ficharia-atlas","status":"publish","type":"post","link":"http:\/\/desarrollo.grupomedios.com\/futbol\/futbol-mexicano\/dayro-moreno-dejaria-xolos-ficharia-atlas\/2016\/11","title":{"rendered":"Dayro Moreno dejar\u00eda Xolos por un equipo &#8216;Centenario&#8217;"},"content":{"rendered":"<p>S\u00f3lo d\u00edas despu\u00e9s de la eliminaci\u00f3n del <strong>Tijuana<\/strong> en cuartos de final del <strong>Apertura 2016<\/strong> y las voces que colocan fuera de <strong>Xolos<\/strong> a uno de sus referentes ya se han escuchado.<\/p>\n<p>De acuerdo con el portal colombiano Antena2, se dice que el delantero cafetalero <strong>Dayro Moreno<\/strong> estar\u00eda cerca de dejar al &#8216;Xolaje&#8217;, aunque no saldr\u00eda de la Liga MX, pues fichar\u00eda con el <strong>Atlas<\/strong>, club que en este a\u00f1o est\u00e1 cumpliendo un centenario de existencia.<\/p>\n<p>Se menciona que la carta\u00a0de Moreno es valuada por Tijuana en cinco millones de d\u00f3lares, cifra que tendr\u00eda que desembolsar el equipo rojinegro para tener en su plantel al ariete colombiano.<\/p>\n<p><a href=\"https:\/\/www.futboltotal.com.mx\/2016\/11\/club-cuervos-vs-xolos-duelo-crucial-la-salvacion\/\">LEER M\u00c1S: \u00a1CUERVOS VS. XOLOS! DUELO CRUCIAL POR LA SALVACI\u00d3N<\/a><\/p>\n","protected":false},"excerpt":{"rendered":"<p>La carta de Moreno es valuada por Tijuana en cinco millones de d\u00f3lares.<\/p>\n","protected":false},"author":20,"featured_media":435519,"comment_status":"closed","ping_status":"closed","sticky":false,"template":"","format":"standard","meta":[],"categories":[2198,3845,5950],"tags":[5961,3586,64,475,5974,1673,3154],"_links":{"self":[{"href":"http:\/\/desarrollo.grupomedios.com\/futbol\/wp-json\/wp\/v2\/posts\/445722"}],"collection":[{"href":"http:\/\/desarrollo.grupomedios.com\/futbol\/wp-json\/wp\/v2\/posts"}],"about":[{"href":"http:\/\/desarrollo.grupomedios.com\/futbol\/wp-json\/wp\/v2\/types\/post"}],"author":[{"embeddable":true,"href":"http:\/\/desarrollo.grupomedios.com\/futbol\/wp-json\/wp\/v2\/users\/20"}],"replies":[{"embeddable":true,"href":"http:\/\/desarrollo.grupomedios.com\/futbol\/wp-json\/wp\/v2\/comments?post=445722"}],"version-history":[{"count":0,"href":"http:\/\/desarrollo.grupomedios.com\/futbol\/wp-json\/wp\/v2\/posts\/445722\/revisions"}],"wp:featuredmedia":[{"embeddable":true,"href":"http:\/\/desarrollo.grupomedios.com\/futbol\/wp-json\/wp\/v2\/media\/435519"}],"wp:attachment":[{"href":"http:\/\/desarrollo.grupomedios.com\/futbol\/wp-json\/wp\/v2\/media?parent=445722"}],"wp:term":[{"taxonomy":"category","embeddable":true,"href":"http:\/\/desarrollo.grupomedios.com\/futbol\/wp-json\/wp\/v2\/categories?post=445722"},{"taxonomy":"post_tag","embeddable":true,"href":"http:\/\/desarrollo.grupomedios.com\/futbol\/wp-json\/wp\/v2\/tags?post=445722"}],"curies":[{"name":"wp","href":"https:\/\/api.w.org\/{rel}","templated":true}]}}