{"id":445727,"date":"2016-11-29T14:36:45","date_gmt":"2016-11-29T20:36:45","guid":{"rendered":"https:\/\/www.futboltotal.com.mx\/?p=445727"},"modified":"2016-11-29T14:37:09","modified_gmt":"2016-11-29T20:37:09","slug":"jorge-isaac-rojas-dirigira-america-vs-necaxa","status":"publish","type":"post","link":"http:\/\/desarrollo.grupomedios.com\/futbol\/futbol-mexicano\/jorge-isaac-rojas-dirigira-america-vs-necaxa\/2016\/11","title":{"rendered":"Jorge Isaac Rojas dirigir\u00e1 el Am\u00e9rica vs Necaxa"},"content":{"rendered":"<p>A trav\u00e9s de un comunicado, la Liga MX dio a conocer las designaciones arbitrales para las Semifinales de Ida del Apertura 2016, donde <a href=\"http:\/\/www.futboltotal.com.mx\/equipos\/america\/\" target=\"_blank\">Am\u00e9rica<\/a> visitar\u00e1 al <a href=\"http:\/\/www.futboltotal.com.mx\/equipos\/necaxa\/\" target=\"_blank\">Necaxa<\/a> en Aguascalientes, y Tigres har\u00e1 lo propio en Le\u00f3n, Guanajuato.<\/p>\n<p>Paul Enrique Delgadillo ser\u00e1 el encargado de llevar las acciones del <a href=\"http:\/\/www.futboltotal.com.mx\/equipos\/leon\/\" target=\"_blank\">Le\u00f3n<\/a> vs <a href=\"http:\/\/www.futboltotal.com.mx\/equipos\/tigres\/\" target=\"_blank\">Tigres<\/a>, que iniciar\u00e1 a las 20:36 horas en el Nou Camp. El silbante estar\u00e1 acompa\u00f1ado de los abanderados Salvador Rodr\u00edguez e Igor Flores.<\/p>\n<p>El encuentro entre Necaxa y Am\u00e9rica, que iniciar\u00e1 a las 21:00 horas en el estadio Victoria de Aguascalientes, ser\u00e1 dirigido por Jorge Isaac Rojas Castillo, que estar\u00e1 acompa\u00f1ado por los abanderados, Mario Jes\u00fas L\u00f3pez y Andr\u00e9s Hern\u00e1ndez.<\/p>\n<p style=\"text-align: center;\"><span style=\"color: #3366ff;\"><a style=\"color: #3366ff;\" href=\"https:\/\/www.futboltotal.com.mx\/2016\/11\/clubes-del-mundo-se-unen-al-chapecoense\/\" target=\"_blank\"><strong>LEER M\u00c1S: M\u00e9xico se solidariza con el Chapecoense<\/strong><\/a><\/span><\/p>\n<blockquote class=\"twitter-tweet\" data-width=\"500\">\n<p lang=\"es\" dir=\"ltr\">LIGA BBVA Bancomer MX. Designaciones Arbitrales de la Ida de las Semifinales <a href=\"https:\/\/t.co\/LuyIvitIdQ\">https:\/\/t.co\/LuyIvitIdQ<\/a> <a href=\"https:\/\/t.co\/rVX8t1Ymhv\">pic.twitter.com\/rVX8t1Ymhv<\/a><\/p>\n<p>&mdash; FEMEXFUT (@FMF) <a href=\"https:\/\/twitter.com\/FMF\/status\/803676639158616064\">November 29, 2016<\/a><\/p><\/blockquote>\n<p><script async src=\"\/\/platform.twitter.com\/widgets.js\" charset=\"utf-8\"><\/script><\/p>\n<p>S\u00edguenos en Twitter: <a href=\"https:\/\/twitter.com\/MXFutbolTotal\" target=\"_blank\">@MXFutbolTotal<\/a><\/p>\n","protected":false},"excerpt":{"rendered":"<p>Liga MX da a conocer designaciones para las Semifinales de Ida.<\/p>\n","protected":false},"author":20,"featured_media":445728,"comment_status":"closed","ping_status":"closed","sticky":false,"template":"","format":"standard","meta":[],"categories":[2198,3845,5950],"tags":[5959,5965,261,5973],"_links":{"self":[{"href":"http:\/\/desarrollo.grupomedios.com\/futbol\/wp-json\/wp\/v2\/posts\/445727"}],"collection":[{"href":"http:\/\/desarrollo.grupomedios.com\/futbol\/wp-json\/wp\/v2\/posts"}],"about":[{"href":"http:\/\/desarrollo.grupomedios.com\/futbol\/wp-json\/wp\/v2\/types\/post"}],"author":[{"embeddable":true,"href":"http:\/\/desarrollo.grupomedios.com\/futbol\/wp-json\/wp\/v2\/users\/20"}],"replies":[{"embeddable":true,"href":"http:\/\/desarrollo.grupomedios.com\/futbol\/wp-json\/wp\/v2\/comments?post=445727"}],"version-history":[{"count":0,"href":"http:\/\/desarrollo.grupomedios.com\/futbol\/wp-json\/wp\/v2\/posts\/445727\/revisions"}],"wp:featuredmedia":[{"embeddable":true,"href":"http:\/\/desarrollo.grupomedios.com\/futbol\/wp-json\/wp\/v2\/media\/445728"}],"wp:attachment":[{"href":"http:\/\/desarrollo.grupomedios.com\/futbol\/wp-json\/wp\/v2\/media?parent=445727"}],"wp:term":[{"taxonomy":"category","embeddable":true,"href":"http:\/\/desarrollo.grupomedios.com\/futbol\/wp-json\/wp\/v2\/categories?post=445727"},{"taxonomy":"post_tag","embeddable":true,"href":"http:\/\/desarrollo.grupomedios.com\/futbol\/wp-json\/wp\/v2\/tags?post=445727"}],"curies":[{"name":"wp","href":"https:\/\/api.w.org\/{rel}","templated":true}]}}