{"id":445757,"date":"2016-11-29T16:41:18","date_gmt":"2016-11-29T22:41:18","guid":{"rendered":"https:\/\/www.futboltotal.com.mx\/?p=445757"},"modified":"2016-11-29T16:41:18","modified_gmt":"2016-11-29T22:41:18","slug":"gareth-bale-operado-con-exito","status":"publish","type":"post","link":"http:\/\/desarrollo.grupomedios.com\/futbol\/futbol-internacional\/gareth-bale-operado-con-exito\/2016\/11","title":{"rendered":"Gareth Bale, operado con \u00e9xito"},"content":{"rendered":"<p>El extremo gal\u00e9s del Real Madrid, <strong>Gareth Bale<\/strong>, ha sido operado con \u00e9xito de la luxaci\u00f3n de los tendones peroneos de su tobillo derecho, en el hospital King Edward VII de Londres por el doctor James Calder, con la supervisi\u00f3n de los m\u00e9dicos del club Jes\u00fas Olmo y Mikel Aramberri.<\/p>\n<p><strong>Bale<\/strong> lleg\u00f3 a Londres durante la ma\u00f1ana de este martes y directamente se dirigi\u00f3 al hospital donde a primera hora de la tarde le realizaron la intervenci\u00f3n quir\u00fargica.<\/p>\n<p style=\"text-align: center;\"><a href=\"https:\/\/www.futboltotal.com.mx\/futbol-internacional\/\"><span style=\"color: #3366ff;\">LEER M\u00c1S: Todas las noticias de futbol internacional<\/span><\/a><\/p>\n<p>https:\/\/twitter.com\/realmadrid\/status\/803691070257299456<\/p>\n<p>El gal\u00e9s, que se lesion\u00f3 el pasado martes en Lisboa en el partido de Liga de Campeones del Real Madrid ante el Sporting de Portugal, estar\u00e1 de baja lo que resta de 2016, por lo que se perder\u00e1 partidos de trascendencia ante el Barcelona en LaLiga Santander, el Borussia Dortmund en Champions League, as\u00ed como el Mundial de Clubes que se disputar\u00e1 en Jap\u00f3n. La recuperaci\u00f3n est\u00e1 estimada entre cuatro y seis semanas.<\/p>\n","protected":false},"excerpt":{"rendered":"<p>El gal\u00e9s comenzar\u00e1 su recuperaci\u00f3n y estar\u00e1 de regreso hasta el pr\u00f3ximo 2017.<\/p>\n","protected":false},"author":20,"featured_media":445765,"comment_status":"closed","ping_status":"closed","sticky":false,"template":"","format":"standard","meta":[],"categories":[3839,3844],"tags":[6043,5988],"_links":{"self":[{"href":"http:\/\/desarrollo.grupomedios.com\/futbol\/wp-json\/wp\/v2\/posts\/445757"}],"collection":[{"href":"http:\/\/desarrollo.grupomedios.com\/futbol\/wp-json\/wp\/v2\/posts"}],"about":[{"href":"http:\/\/desarrollo.grupomedios.com\/futbol\/wp-json\/wp\/v2\/types\/post"}],"author":[{"embeddable":true,"href":"http:\/\/desarrollo.grupomedios.com\/futbol\/wp-json\/wp\/v2\/users\/20"}],"replies":[{"embeddable":true,"href":"http:\/\/desarrollo.grupomedios.com\/futbol\/wp-json\/wp\/v2\/comments?post=445757"}],"version-history":[{"count":0,"href":"http:\/\/desarrollo.grupomedios.com\/futbol\/wp-json\/wp\/v2\/posts\/445757\/revisions"}],"wp:featuredmedia":[{"embeddable":true,"href":"http:\/\/desarrollo.grupomedios.com\/futbol\/wp-json\/wp\/v2\/media\/445765"}],"wp:attachment":[{"href":"http:\/\/desarrollo.grupomedios.com\/futbol\/wp-json\/wp\/v2\/media?parent=445757"}],"wp:term":[{"taxonomy":"category","embeddable":true,"href":"http:\/\/desarrollo.grupomedios.com\/futbol\/wp-json\/wp\/v2\/categories?post=445757"},{"taxonomy":"post_tag","embeddable":true,"href":"http:\/\/desarrollo.grupomedios.com\/futbol\/wp-json\/wp\/v2\/tags?post=445757"}],"curies":[{"name":"wp","href":"https:\/\/api.w.org\/{rel}","templated":true}]}}