{"id":445828,"date":"2016-11-30T08:59:08","date_gmt":"2016-11-30T14:59:08","guid":{"rendered":"https:\/\/www.futboltotal.com.mx\/?p=445828"},"modified":"2016-11-30T09:32:32","modified_gmt":"2016-11-30T15:32:32","slug":"angel-reyna-vuelta-a-la-liga-mx","status":"publish","type":"post","link":"http:\/\/desarrollo.grupomedios.com\/futbol\/destacado-home\/angel-reyna-vuelta-a-la-liga-mx\/2016\/11","title":{"rendered":"\u00c1ngel Reyna, \u00bfde vuelta a la Liga MX?"},"content":{"rendered":"<p><strong>\u00c1ngel Reyna<\/strong> no seguir\u00e1 vistiendo la camiseta del Celaya en el pr\u00f3ximo Clausura 2017. Despu\u00e9s de haber jugado seis meses en la liga de Ascenso, el delantero ha puesto fin a su etapa con los Toros, club con el que lleg\u00f3 hasta semifinales, para buscar acomodo en otro club y volver a la Liga MX.<\/p>\n<p><b>Reyna<\/b> se despidi\u00f3 con un mensaje que public\u00f3 en redes sociales, en el que agradeci\u00f3 al club, la afici\u00f3n y a cada uno de los jugadores con los que comparti\u00f3 el vestidor en el Apertura 2016. La publicaci\u00f3n lo acompa\u00f1\u00f3 con una fotograf\u00eda en la que aparece celebrando uno de los goles que marc\u00f3 este semestre y con un Hashtag en el dio pista de haber recibido una oferta.<\/p>\n<p style=\"text-align: center;\"><span style=\"color: #3366ff;\">LEER M\u00c1S: \u00a0Futbol de Estufa rumbo al Clausura 2017<\/span><\/p>\n<p>La propuesta le lleg\u00f3 desde Veracruz para volver a jugar a las \u00f3rdenes del entrenador Carloa Reynoso, actual DT de lo Tiburones Rojos y quien debe rearmar un plantel altamente competitivo para afrontar un complicado semestre en el que pelear\u00e1n jornada a jornada por mantenerse en Primera Divisi\u00f3n. Reyna no tendr\u00e1 ninguna complicaci\u00f3n para enrolarse con los escualos, toda vez que no tiene contrato con ninguna instituci\u00f3n y es agente libre desde hace un a\u00f1o, cuando militaba en Chivas y le rescindieron el contrato.<\/p>\n<blockquote class=\"instagram-media\" style=\"background: #FFF; border: 0; border-radius: 3px; box-shadow: 0 0 1px 0 rgba(0,0,0,0.5),0 1px 10px 0 rgba(0,0,0,0.15); margin: 1px; max-width: 658px; padding: 0; width: calc(100% - 2px);\" data-instgrm-captioned=\"\" data-instgrm-version=\"7\">\n<div style=\"padding: 8px;\">\n<div style=\"background: #F8F8F8; line-height: 0; margin-top: 40px; padding: 50.0% 0; text-align: center; width: 100%;\"><\/div>\n<p style=\"margin: 8px 0 0 0; padding: 0 4px;\"><a style=\"color: #000; font-family: Arial,sans-serif; font-size: 14px; font-style: normal; font-weight: normal; line-height: 17px; text-decoration: none; word-wrap: break-word;\" href=\"https:\/\/www.instagram.com\/p\/BNX4zNogog9\/\" target=\"_blank\">Gloria a Dios&#x1f64f;&#x1f3fc; Termino una etapa muy bonita de mi carrera! Les agradezco y dej\u00f3 un beso y abrazo a toda la bonita afici\u00f3n de Celaya&#x1f44c;&#x1f3fc; directivos&#x1f44d;&#x1f3fc; y sobre todo a mis grandes compa\u00f1eros tanto de cancha como afuera de ella y q m\u00e1s q eso ya son realmente amigos!&#x1f44a;&#x1f3fc;muchas gracias Celaya muchas gracias futbol&#x1f60d;&#x1f618;&#x1f64f;&#x1f3fc; #fe&#x1f64f;&#x1f3fc;#feliz&#x1f604;#bonitaexperiencia#ventepaca&#x1f399;#<\/a><\/p>\n<p style=\"color: #c9c8cd; font-family: Arial,sans-serif; font-size: 14px; line-height: 17px; margin-bottom: 0; margin-top: 8px; overflow: hidden; padding: 8px 0 7px; text-align: center; text-overflow: ellipsis; white-space: nowrap;\">A photo posted by angelreynafut (@angelreynita) on <time style=\"font-family: Arial,sans-serif; font-size: 14px; line-height: 17px;\" datetime=\"2016-11-29T00:03:14+00:00\">Nov 28, 2016 at 4:03pm PST<\/time><\/p>\n<\/div>\n<\/blockquote>\n<p><script async defer src=\"\/\/platform.instagram.com\/en_US\/embeds.js\"><\/script><\/p>\n","protected":false},"excerpt":{"rendered":"<p>El delantero anunci\u00f3 el fin de su etapa con los Toros del Celaya.<\/p>\n","protected":false},"author":20,"featured_media":416425,"comment_status":"closed","ping_status":"closed","sticky":false,"template":"","format":"standard","meta":[],"categories":[5,2198,3845],"tags":[1659,6049],"_links":{"self":[{"href":"http:\/\/desarrollo.grupomedios.com\/futbol\/wp-json\/wp\/v2\/posts\/445828"}],"collection":[{"href":"http:\/\/desarrollo.grupomedios.com\/futbol\/wp-json\/wp\/v2\/posts"}],"about":[{"href":"http:\/\/desarrollo.grupomedios.com\/futbol\/wp-json\/wp\/v2\/types\/post"}],"author":[{"embeddable":true,"href":"http:\/\/desarrollo.grupomedios.com\/futbol\/wp-json\/wp\/v2\/users\/20"}],"replies":[{"embeddable":true,"href":"http:\/\/desarrollo.grupomedios.com\/futbol\/wp-json\/wp\/v2\/comments?post=445828"}],"version-history":[{"count":0,"href":"http:\/\/desarrollo.grupomedios.com\/futbol\/wp-json\/wp\/v2\/posts\/445828\/revisions"}],"wp:featuredmedia":[{"embeddable":true,"href":"http:\/\/desarrollo.grupomedios.com\/futbol\/wp-json\/wp\/v2\/media\/416425"}],"wp:attachment":[{"href":"http:\/\/desarrollo.grupomedios.com\/futbol\/wp-json\/wp\/v2\/media?parent=445828"}],"wp:term":[{"taxonomy":"category","embeddable":true,"href":"http:\/\/desarrollo.grupomedios.com\/futbol\/wp-json\/wp\/v2\/categories?post=445828"},{"taxonomy":"post_tag","embeddable":true,"href":"http:\/\/desarrollo.grupomedios.com\/futbol\/wp-json\/wp\/v2\/tags?post=445828"}],"curies":[{"name":"wp","href":"https:\/\/api.w.org\/{rel}","templated":true}]}}