{"id":445833,"date":"2016-11-30T09:44:03","date_gmt":"2016-11-30T15:44:03","guid":{"rendered":"https:\/\/www.futboltotal.com.mx\/?p=445833"},"modified":"2016-11-30T09:44:03","modified_gmt":"2016-11-30T15:44:03","slug":"dybala-es-especial-para-juventus-khedira","status":"publish","type":"post","link":"http:\/\/desarrollo.grupomedios.com\/futbol\/uncategorized\/dybala-es-especial-para-juventus-khedira\/2016\/11","title":{"rendered":"Dybala es especial: Khedira"},"content":{"rendered":"<p>El mediocampista alem\u00e1n del <strong>Juventus<\/strong> Sami Khedira consider\u00f3 que el argentino Paulo Dybala es un &#8220;jugador especial&#8221; y que su equipo no rindi\u00f3 al m\u00e1ximo en el \u00faltimo periodo a causa de la lesi\u00f3n muscular sufrida por el delantero.<\/p>\n<p>&#8220;En <strong>Juventus<\/strong> echamos de menos a Dybala en las \u00faltimas semanas, para nosotros es un jugador muy importante. En el campo siempre regala grandes momentos, con su zurda, con sus faltas directas, con sus saques de esquina&#8221;, afirm\u00f3 el exjugador del Real Madrid. &#8220;Paulo Dybala es un jugador especial, de verdad&#8221;, a\u00f1adi\u00f3.<\/p>\n<p style=\"text-align: center;\"><a href=\"https:\/\/www.futboltotal.com.mx\/2016\/11\/juvenil-clasifica-al-liverpool-a-semifinales-efl-cup\/\"><span style=\"color: #3366ff;\">LEER M\u00c1S: Juvenil clasifica al Liverpool a semifinales de EFL Cup<\/span><\/a><\/p>\n<p>En una entrevista con Sky Sports, Khedira, tambi\u00e9n habl\u00f3 sobre la \u00faltima derrota de la <strong>Juve<\/strong> ante el G\u00e9nova (1-3) en la Serie A de la cual destac\u00f3: &#8220;a veces los tropiezos sirven&#8221; para recuperar la &#8220;concentraci\u00f3n&#8221;. As\u00ed mismo analiz\u00f3 los \u00faltimos partidos del <strong>Juventus<\/strong> que, a pesar de liderar la Serie A, no convence en su desempe\u00f1o.<\/p>\n<p>&#8220;Soy el primero en decir que tenemos que mejorar, esto es cierto. Considerada la calidad que tenemos podr\u00edamos jugar mejor, pero hay que subrayar que estamos ganando. Nos gustar\u00eda tener un rendimiento mejor, para los medios, la hinchada y el t\u00e9cnico&#8221;, dijo.<\/p>\n","protected":false},"excerpt":{"rendered":"<p>Una lesi\u00f3n muscular lo tiene inactivo desde octubre.<\/p>\n","protected":false},"author":20,"featured_media":445839,"comment_status":"closed","ping_status":"closed","sticky":false,"template":"","format":"standard","meta":[],"categories":[3839,3848,1],"tags":[5999,6669,3230,5958],"_links":{"self":[{"href":"http:\/\/desarrollo.grupomedios.com\/futbol\/wp-json\/wp\/v2\/posts\/445833"}],"collection":[{"href":"http:\/\/desarrollo.grupomedios.com\/futbol\/wp-json\/wp\/v2\/posts"}],"about":[{"href":"http:\/\/desarrollo.grupomedios.com\/futbol\/wp-json\/wp\/v2\/types\/post"}],"author":[{"embeddable":true,"href":"http:\/\/desarrollo.grupomedios.com\/futbol\/wp-json\/wp\/v2\/users\/20"}],"replies":[{"embeddable":true,"href":"http:\/\/desarrollo.grupomedios.com\/futbol\/wp-json\/wp\/v2\/comments?post=445833"}],"version-history":[{"count":0,"href":"http:\/\/desarrollo.grupomedios.com\/futbol\/wp-json\/wp\/v2\/posts\/445833\/revisions"}],"wp:featuredmedia":[{"embeddable":true,"href":"http:\/\/desarrollo.grupomedios.com\/futbol\/wp-json\/wp\/v2\/media\/445839"}],"wp:attachment":[{"href":"http:\/\/desarrollo.grupomedios.com\/futbol\/wp-json\/wp\/v2\/media?parent=445833"}],"wp:term":[{"taxonomy":"category","embeddable":true,"href":"http:\/\/desarrollo.grupomedios.com\/futbol\/wp-json\/wp\/v2\/categories?post=445833"},{"taxonomy":"post_tag","embeddable":true,"href":"http:\/\/desarrollo.grupomedios.com\/futbol\/wp-json\/wp\/v2\/tags?post=445833"}],"curies":[{"name":"wp","href":"https:\/\/api.w.org\/{rel}","templated":true}]}}