{"id":445854,"date":"2016-11-30T11:01:25","date_gmt":"2016-11-30T17:01:25","guid":{"rendered":"https:\/\/www.futboltotal.com.mx\/?p=445854"},"modified":"2016-11-30T11:01:53","modified_gmt":"2016-11-30T17:01:53","slug":"chaco-gimenez-define-cruz-azul","status":"publish","type":"post","link":"http:\/\/desarrollo.grupomedios.com\/futbol\/futbol-mexicano\/chaco-gimenez-define-cruz-azul\/2016\/11","title":{"rendered":"Chaco Gim\u00e9nez define su futuro con Cruz Azul"},"content":{"rendered":"<p>La continuidad del mediocampista Christian Gim\u00e9nez con <strong>Cruz Azul<\/strong> est\u00e1 garantizada para el pr\u00f3ximo torneo Clausura 2017. El presidente del club, Guillermo \u00c1lvarez, confirm\u00f3 que el <em>Chaco\u00a0<\/em>&#8220;est\u00e1 en planes&#8221; para el proyecto del entrenador Paco J\u00e9mez y asegur\u00f3 que la directiva nunca pens\u00f3 en dejarlo ir.<\/p>\n<blockquote><p>&#8220;Con <em>Chaco<\/em> llevamos una excelente relaci\u00f3n y fue un convenio directamente conmigo. Es un \u00edcono para nuestro club, c\u00f3mo \u00edbamos de pensar en dejarlo ir. \u00c9l est\u00e1 contratado y seguir\u00e1 con nosotros&#8221;, declar\u00f3 \u00c1lvarez, al tiempo que elogi\u00f3 las cualidades del capit\u00e1n del club.<\/p>\n<p style=\"text-align: center;\"><a href=\"https:\/\/www.futboltotal.com.mx\/2016\/11\/futbol-estufa-rumbo-clausura-2017-liga-mx\/\"><span style=\"color: #3366ff;\">LEER M\u00c1S: Futbol de Estufa rumbo al Clausura 2016\u00a0<\/span><\/a><\/p>\n<p>&#8220;<em>Chaco\u00a0<\/em>trabaja, entrena, es una gu\u00eda y tutor para los j\u00f3venes, inclusive para los que llegan sirve de ejemplo. Es el que llega antes, el que se va despu\u00e9s y el que se conecta mucho con la tribuna. La adrenalina que inyecta, ya sea de recambio o iniciando en un partido, es fundamental para nuestro equipo&#8221;, dijo en entrevista para <em>TDN.<\/em><\/p><\/blockquote>\n<p>Gim\u00e9nez termina contrato con Cruz Azul el pr\u00f3ximo 31 de diciembre. El club lo renovar\u00e1 al menos por seis meses m\u00e1s y, a pesar de que el pr\u00f3ximo 1 de febrero llegar\u00e1 a los 36 a\u00f1os, el dirigente consider\u00f3 que &#8220;aun tiene un nivel aceptable y podr\u00e1 aportar cosas importantes&#8221;.<\/p>\n","protected":false},"excerpt":{"rendered":"<p>El mediocampista de Cruz Azul seguir\u00e1 con el club para el Clausura 2017 <\/p>\n","protected":false},"author":20,"featured_media":445873,"comment_status":"closed","ping_status":"closed","sticky":false,"template":"","format":"standard","meta":[],"categories":[2198,3845],"tags":[368],"_links":{"self":[{"href":"http:\/\/desarrollo.grupomedios.com\/futbol\/wp-json\/wp\/v2\/posts\/445854"}],"collection":[{"href":"http:\/\/desarrollo.grupomedios.com\/futbol\/wp-json\/wp\/v2\/posts"}],"about":[{"href":"http:\/\/desarrollo.grupomedios.com\/futbol\/wp-json\/wp\/v2\/types\/post"}],"author":[{"embeddable":true,"href":"http:\/\/desarrollo.grupomedios.com\/futbol\/wp-json\/wp\/v2\/users\/20"}],"replies":[{"embeddable":true,"href":"http:\/\/desarrollo.grupomedios.com\/futbol\/wp-json\/wp\/v2\/comments?post=445854"}],"version-history":[{"count":0,"href":"http:\/\/desarrollo.grupomedios.com\/futbol\/wp-json\/wp\/v2\/posts\/445854\/revisions"}],"wp:featuredmedia":[{"embeddable":true,"href":"http:\/\/desarrollo.grupomedios.com\/futbol\/wp-json\/wp\/v2\/media\/445873"}],"wp:attachment":[{"href":"http:\/\/desarrollo.grupomedios.com\/futbol\/wp-json\/wp\/v2\/media?parent=445854"}],"wp:term":[{"taxonomy":"category","embeddable":true,"href":"http:\/\/desarrollo.grupomedios.com\/futbol\/wp-json\/wp\/v2\/categories?post=445854"},{"taxonomy":"post_tag","embeddable":true,"href":"http:\/\/desarrollo.grupomedios.com\/futbol\/wp-json\/wp\/v2\/tags?post=445854"}],"curies":[{"name":"wp","href":"https:\/\/api.w.org\/{rel}","templated":true}]}}