{"id":445859,"date":"2016-11-30T10:10:07","date_gmt":"2016-11-30T16:10:07","guid":{"rendered":"https:\/\/www.futboltotal.com.mx\/?p=445859"},"modified":"2016-11-30T15:29:43","modified_gmt":"2016-11-30T21:29:43","slug":"inter-milan-levanta-la-mano-fichar-a-messi","status":"publish","type":"post","link":"http:\/\/desarrollo.grupomedios.com\/futbol\/futbol-internacional\/inter-milan-levanta-la-mano-fichar-a-messi\/2016\/11","title":{"rendered":"El Inter de Mil\u00e1n levanta la mano para fichar a Messi"},"content":{"rendered":"<p>Desde hace algunas semanas, existe una prioridad que acapara buena parte de la atenci\u00f3n en los despachos del Barcelona: la renovaci\u00f3n de Lionel Messi.<\/p>\n<p>Aunque el presidente del cuadro <em>Blaugrana<\/em>, Josep Mar\u00eda Bartomeu, ha asegurado que Messi terminar\u00e1 su carrera con el cuadro de la Ciudad Condal, lo cierto es que hasta el momento el crack argentino no ha firmado la renovaci\u00f3n de su contrato.<\/p>\n<p style=\"text-align: center;\"><a href=\"https:\/\/www.futboltotal.com.mx\/2016\/11\/messi-barcelona-mejor-no-depende-jugador\/\" target=\"_blank\"><span style=\"color: #3366ff;\"><strong>LEER M\u00c1S:\u00a0Messi: \u201cEl <em>Bar\u00e7a<\/em> es el mejor y no depende de un jugador\u201d<\/strong><\/span><\/a><\/p>\n<p>El v\u00ednculo que une a <em>La Pulga<\/em> con el Barcelona finaliza en 2018 y la incertidumbre que se genera a partir de una extensi\u00f3n alimenta los rumores de una posible salida, as\u00ed como el inter\u00e9s de otros equipos, que naturalmente, estar\u00edan encantados con la idea de tener a Messi en sus filas.<\/p>\n<p>Si antes se habl\u00f3 del Paris Saint-Germain y del Manchester City como clubes interesados en buscar el fichaje de <em>Leo<\/em>, hoy ha surgido un nuevo pretendiente, esta vez en Italia. El Inter de Mil\u00e1n, en voz de un allegado a la directiva, es el cuadro que ha mostrado ahora inter\u00e9s por fichar al 10 <em>Cul\u00e9<\/em>.<\/p>\n<p style=\"text-align: center;\"><a href=\"https:\/\/www.futboltotal.com.mx\/2016\/11\/mourinho-messi-acabar-carrera-barcelona\/\" target=\"_blank\"><span style=\"color: #3366ff;\"><strong>LEER M\u00c1S:\u00a0Para Mourinho, Messi \u201cdeber\u00eda acabar su carrera en el <em>Bar\u00e7a<\/em>\u201d<\/strong><\/span><\/a><\/p>\n<p>Marco Tronchetti Provera es el presidente de Pirelli, la marca de neum\u00e1ticos que hist\u00f3ricamente ha patrocinado al cuadro Nerazzurri. Adem\u00e1s, fue antes directivo del <em>Inter<\/em> y se mantiene como un elemento clave en las negociaciones que realiza el club.<\/p>\n<p>Durante la presentaci\u00f3n del calendario que Pirelli realiza, Marco Tronchetti Provera habl\u00f3 a Sky Sports sobre el inter\u00e9s que tiene por ver a Messi en <em>Il Biscione<\/em>: \u201cMi sue\u00f1o siempre ha sido <em>Leo<\/em>, que es el sue\u00f1o del futbol\u201d.<\/p>\n<blockquote class=\"twitter-tweet\" data-lang=\"es\">\n<p dir=\"ltr\" lang=\"es\"><a href=\"https:\/\/twitter.com\/hashtag\/Ahora?src=hash\">#Ahora<\/a> en <a href=\"https:\/\/twitter.com\/hashtag\/SportsCenter?src=hash\">#SportsCenter<\/a>, en vivo por ESPN 2, te contamos la intenci\u00f3n que tiene Inter de contratar a Lionel Messi. <a href=\"https:\/\/t.co\/HuY4bEYssR\">pic.twitter.com\/HuY4bEYssR<\/a><\/p>\n<p>\u2014 SportsCenter (@SC_ESPN) <a href=\"https:\/\/twitter.com\/SC_ESPN\/status\/803963468747513857\">30 de noviembre de 2016<\/a><\/p><\/blockquote>\n<p><script async src=\"\/\/platform.twitter.com\/widgets.js\" charset=\"utf-8\"><\/script><\/p>\n<p>Pese a lo dif\u00edcil que pueda sonar que alg\u00fan equipo se haga en estos momentos con el 10 argentino, el empresario a\u00f1adi\u00f3: \u201cAfronto la vida siempre con confianza y a veces, con suerte, los sue\u00f1os se cumplen\u201d.<\/p>\n<p>Pese a lo imposible que ese sue\u00f1o pueda parecer, hay que recordar que existe un antecedente de una estrella <em>Cul\u00e9<\/em> mud\u00e1ndose al Giuseppe Meazza: en 1997, el Inter de Mil\u00e1n cerr\u00f3 el fichaje de Ronaldo -que por entonces era el mejor del mundo-, por lo que a los <em>Nerazzurri<\/em> no se les puede negar la posibilidad de so\u00f1ar.<\/p>\n","protected":false},"excerpt":{"rendered":"<p>Un representante nerazzurro confes\u00f3 su deseo por el crack del Barcelona.<\/p>\n","protected":false},"author":20,"featured_media":436941,"comment_status":"closed","ping_status":"closed","sticky":false,"template":"","format":"standard","meta":[],"categories":[3839,3844,3848,5951],"tags":[5984,1073,227,5253,6012,248,1504],"_links":{"self":[{"href":"http:\/\/desarrollo.grupomedios.com\/futbol\/wp-json\/wp\/v2\/posts\/445859"}],"collection":[{"href":"http:\/\/desarrollo.grupomedios.com\/futbol\/wp-json\/wp\/v2\/posts"}],"about":[{"href":"http:\/\/desarrollo.grupomedios.com\/futbol\/wp-json\/wp\/v2\/types\/post"}],"author":[{"embeddable":true,"href":"http:\/\/desarrollo.grupomedios.com\/futbol\/wp-json\/wp\/v2\/users\/20"}],"replies":[{"embeddable":true,"href":"http:\/\/desarrollo.grupomedios.com\/futbol\/wp-json\/wp\/v2\/comments?post=445859"}],"version-history":[{"count":0,"href":"http:\/\/desarrollo.grupomedios.com\/futbol\/wp-json\/wp\/v2\/posts\/445859\/revisions"}],"wp:featuredmedia":[{"embeddable":true,"href":"http:\/\/desarrollo.grupomedios.com\/futbol\/wp-json\/wp\/v2\/media\/436941"}],"wp:attachment":[{"href":"http:\/\/desarrollo.grupomedios.com\/futbol\/wp-json\/wp\/v2\/media?parent=445859"}],"wp:term":[{"taxonomy":"category","embeddable":true,"href":"http:\/\/desarrollo.grupomedios.com\/futbol\/wp-json\/wp\/v2\/categories?post=445859"},{"taxonomy":"post_tag","embeddable":true,"href":"http:\/\/desarrollo.grupomedios.com\/futbol\/wp-json\/wp\/v2\/tags?post=445859"}],"curies":[{"name":"wp","href":"https:\/\/api.w.org\/{rel}","templated":true}]}}