{"id":445895,"date":"2016-11-30T13:15:27","date_gmt":"2016-11-30T19:15:27","guid":{"rendered":"https:\/\/www.futboltotal.com.mx\/?p=445895"},"modified":"2016-12-04T18:35:06","modified_gmt":"2016-12-05T00:35:06","slug":"bryan-rabello-nuevo-jugador-pumas","status":"publish","type":"post","link":"http:\/\/desarrollo.grupomedios.com\/futbol\/futbol-internacional\/bryan-rabello-nuevo-jugador-pumas\/2016\/11","title":{"rendered":"Pumas roba jugador de Santos al Veracruz"},"content":{"rendered":"<p>A pesar de que al principio fue colocado en Veracruz y el mismo Carlos Reinoso lo hab\u00eda confirmado, el mediocampista <strong>Bryan Rabello<\/strong> no jugar\u00e1 para los Tiburones Rojos y su ex club, Santos Laguna, inform\u00f3 que fue transferido a Pumas.<\/p>\n<p>&nbsp;<\/p>\n<blockquote class=\"twitter-tweet\" data-lang=\"es\">\n<p dir=\"ltr\" lang=\"es\">&#x1f4f0; <a href=\"https:\/\/twitter.com\/hashtag\/SantosInforma?src=hash\">#SantosInforma<\/a>: La transferencia temporal de <a href=\"https:\/\/twitter.com\/hashtag\/BryanRabello?src=hash\">#BryanRabello<\/a> a <a href=\"https:\/\/twitter.com\/PumasMX\">@PumasMX<\/a>. \u00a1\u00c9xito durante esta nueva etapa! <a href=\"https:\/\/t.co\/oLmbS9anKP\">pic.twitter.com\/oLmbS9anKP<\/a><\/p>\n<p>\u2014 ClubSantosLaguna (@ClubSantos) <a href=\"https:\/\/twitter.com\/ClubSantos\/status\/804019411510173696\">30 de noviembre de 2016<\/a><\/p><\/blockquote>\n<p><script async src=\"\/\/platform.twitter.com\/widgets.js\" charset=\"utf-8\"><\/script><\/p>\n<p>El Maestro hab\u00eda anunciado a trav\u00e9s de su cuenta de Twitter que el chileno llegaba junto con el delantero Javier Orozco, pero las negociaciones no pudieron concretarse por lo que no jugar\u00e1 con los escualos en el Clausura 2017.<\/p>\n<p style=\"text-align: center;\"><span style=\"color: #3366ff;\"><a style=\"color: #3366ff;\" href=\"https:\/\/www.futboltotal.com.mx\/2016\/11\/vicepresidente-pumas-dario-veron-intransferible\/\">LEER M\u00c1S: Dari\u00f3 Ver\u00f3n, INTRANSFERIBLE en Pumas<\/a><\/span><\/p>\n<p>Luego de un paso irregular con Santos, <strong>Rabello<\/strong> llegar\u00e1 a Pumas por un a\u00f1o a pr\u00e9stamo y tiene una opci\u00f3n de compra. Con los Guerreros disput\u00f3 45 partidos en la Liga MX y solo pudo marcar 5 goles.<\/p>\n<p>Otro que confirm\u00f3 la noticia fue el mismo Reinoso, quien asegur\u00f3 a trav\u00e9s de su cuenta de Twitter que &#8220;no quiere jugadores que no est\u00e9 comprometido&#8221;.<\/p>\n<blockquote class=\"twitter-tweet\" data-width=\"500\">\n<p lang=\"es\" dir=\"ltr\">Lo de Ravello muy simple prefiri\u00f3 a Puma\u26bd\ufe0fel que no venga comprometido\u26bd\ufe0fno l qui\u00e9renos\u26bd\ufe0f <a href=\"https:\/\/t.co\/7XQmnaTvBA\">pic.twitter.com\/7XQmnaTvBA<\/a><\/p>\n<p>&mdash; Carlos Reinoso V (@Carlos8Reinoso) <a href=\"https:\/\/twitter.com\/Carlos8Reinoso\/status\/804022651630948353\">November 30, 2016<\/a><\/p><\/blockquote>\n<p><script async src=\"\/\/platform.twitter.com\/widgets.js\" charset=\"utf-8\"><\/script><\/p>\n","protected":false},"excerpt":{"rendered":"<p>El chileno Bryan Rabello llegar\u00e1 al conjunto universitario.<\/p>\n","protected":false},"author":20,"featured_media":445898,"comment_status":"closed","ping_status":"closed","sticky":false,"template":"","format":"standard","meta":[],"categories":[3839,3845,5950],"tags":[7680,74,5972],"_links":{"self":[{"href":"http:\/\/desarrollo.grupomedios.com\/futbol\/wp-json\/wp\/v2\/posts\/445895"}],"collection":[{"href":"http:\/\/desarrollo.grupomedios.com\/futbol\/wp-json\/wp\/v2\/posts"}],"about":[{"href":"http:\/\/desarrollo.grupomedios.com\/futbol\/wp-json\/wp\/v2\/types\/post"}],"author":[{"embeddable":true,"href":"http:\/\/desarrollo.grupomedios.com\/futbol\/wp-json\/wp\/v2\/users\/20"}],"replies":[{"embeddable":true,"href":"http:\/\/desarrollo.grupomedios.com\/futbol\/wp-json\/wp\/v2\/comments?post=445895"}],"version-history":[{"count":0,"href":"http:\/\/desarrollo.grupomedios.com\/futbol\/wp-json\/wp\/v2\/posts\/445895\/revisions"}],"wp:featuredmedia":[{"embeddable":true,"href":"http:\/\/desarrollo.grupomedios.com\/futbol\/wp-json\/wp\/v2\/media\/445898"}],"wp:attachment":[{"href":"http:\/\/desarrollo.grupomedios.com\/futbol\/wp-json\/wp\/v2\/media?parent=445895"}],"wp:term":[{"taxonomy":"category","embeddable":true,"href":"http:\/\/desarrollo.grupomedios.com\/futbol\/wp-json\/wp\/v2\/categories?post=445895"},{"taxonomy":"post_tag","embeddable":true,"href":"http:\/\/desarrollo.grupomedios.com\/futbol\/wp-json\/wp\/v2\/tags?post=445895"}],"curies":[{"name":"wp","href":"https:\/\/api.w.org\/{rel}","templated":true}]}}