{"id":445902,"date":"2016-11-30T13:41:04","date_gmt":"2016-11-30T19:41:04","guid":{"rendered":"https:\/\/www.futboltotal.com.mx\/?p=445902"},"modified":"2016-11-30T15:27:42","modified_gmt":"2016-11-30T21:27:42","slug":"enzo-zidane-debut-oficial-real-madrid","status":"publish","type":"post","link":"http:\/\/desarrollo.grupomedios.com\/futbol\/futbol-internacional\/enzo-zidane-debut-oficial-real-madrid\/2016\/11","title":{"rendered":"Debut oficial y primer gol de Enzo Zidane con Real Madrid"},"content":{"rendered":"<p>El Real Madrid disput\u00f3 este mi\u00e9rcoles el partido de vuelta de dieciseisavos de la Copa del Rey frente a la Cultural Leonesa.<\/p>\n<p>El duelo de ida -que se jug\u00f3 el 26 de octubre pasado, adelantado por el compromiso del Madrid en el Mundial de Clubes- finaliz\u00f3 con un abultado 7-1 a favor de los <em>Merengues<\/em>.<\/p>\n<p style=\"text-align: center;\"><a href=\"https:\/\/www.futboltotal.com.mx\/2016\/11\/james-se-ir-del-real-madrid-francisco-maturana\/\" target=\"_blank\"><span style=\"color: #3366ff;\"><strong>LEER M\u00c1S: James se tiene que ir del Real Madrid: Francisco Maturana<\/strong><\/span><\/a><\/p>\n<p>Por ello, y considerando que el pr\u00f3ximo s\u00e1bado el cuadro del Santiago Bernab\u00e9u tendr\u00e1 un enfrentamiento de alto nivel, en el duelo de la Copa del Rey utiliz\u00f3 un cuadro con jugadores que usualmente no son titulares.<\/p>\n<p>El Madrid visitar\u00e1 el pr\u00f3ximo s\u00e1bado al Barcelona en el Camp Nou, un duelo que cobra mayor importancia considerando que ambos equipos encabezan la clasificaci\u00f3n de La Liga en Espa\u00f1a (los <em>Merengues<\/em> tienen 33 unidades, por 27 de los <em>Blaugranas<\/em>).<\/p>\n<p style=\"text-align: center;\"><a href=\"https:\/\/www.futboltotal.com.mx\/2016\/11\/real-madrid-jugo-camisetas-ecologicas\/\" target=\"_blank\"><span style=\"color: #3366ff;\"><strong>LEER M\u00c1S: Real Madrid jug\u00f3 con camisetas ecol\u00f3gicas<\/strong><\/span><\/a><\/p>\n<p>Por ello, algunos canteranos del cuadro que dirige Zinedine Zidane recibieron la oportunidad de jugar con el primer equipo. Uno de ellos fue precisamente el hijo del t\u00e9cnico <em>Blanco<\/em>, Enzo, quien ingres\u00f3 en la segunda mitad, tomando el lugar de Isco.<\/p>\n<p>De esta manera, el hijo de <em>Zizou<\/em> hizo su debut oficial con el primer equipo del Real Madrid, puesto que antes s\u00f3lo hab\u00eda participado en duelos de car\u00e1cter amistoso.<\/p>\n<blockquote class=\"twitter-tweet\" data-lang=\"es\">\n<p dir=\"ltr\" lang=\"es\">1 &#8211; Enzo Zidane ha marcado su primer gol con el Real Madrid en su primer remate con el primer equipo. Elegido.<\/p>\n<p>\u2014 OptaJose (@OptaJose) <a href=\"https:\/\/twitter.com\/OptaJose\/status\/804042506497363969\">30 de noviembre de 2016<\/a><\/p><\/blockquote>\n<p><script async src=\"\/\/platform.twitter.com\/widgets.js\" charset=\"utf-8\"><\/script><\/p>\n<p>La presentaci\u00f3n de Enzo Zidane en el Bernab\u00e9u ha sido plena, pues no s\u00f3lo fue en un duelo que la escuadra de la Castellana gan\u00f3 de manera clara, sino que le dio la oportunidad tambi\u00e9n de marcar su primer gol, que supuso el 4-1 a favor del equipo <em>Merengue<\/em>.<\/p>\n<blockquote class=\"twitter-tweet\" data-lang=\"es\">\n<p dir=\"ltr\" lang=\"es\">Enzo Zidane s\u00f3lo necesit\u00f3 18 minutos para anotar su primer gol con el <a href=\"https:\/\/twitter.com\/realmadrid\">@realmadrid<\/a> Joya! <a href=\"https:\/\/twitter.com\/hashtag\/HalaMadrid?src=hash\">#HalaMadrid<\/a> <a href=\"https:\/\/t.co\/tYleO6WIx2\">pic.twitter.com\/tYleO6WIx2<\/a><\/p>\n<p>\u2014 Daniela Galindo (@danny_dgrz) <a href=\"https:\/\/twitter.com\/danny_dgrz\/status\/804044758469509130\">30 de noviembre de 2016<\/a><\/p><\/blockquote>\n<p><script async src=\"\/\/platform.twitter.com\/widgets.js\" charset=\"utf-8\"><\/script><\/p>\n","protected":false},"excerpt":{"rendered":"<p>La Copa del Rey le dio a Zizou la oportunidad de probar a canteranos, incluido su hijo.<\/p>\n","protected":false},"author":20,"featured_media":418416,"comment_status":"closed","ping_status":"closed","sticky":false,"template":"","format":"standard","meta":[],"categories":[3839,3844,5951],"tags":[96,7681,253,76,2048,5988,2943,2215],"_links":{"self":[{"href":"http:\/\/desarrollo.grupomedios.com\/futbol\/wp-json\/wp\/v2\/posts\/445902"}],"collection":[{"href":"http:\/\/desarrollo.grupomedios.com\/futbol\/wp-json\/wp\/v2\/posts"}],"about":[{"href":"http:\/\/desarrollo.grupomedios.com\/futbol\/wp-json\/wp\/v2\/types\/post"}],"author":[{"embeddable":true,"href":"http:\/\/desarrollo.grupomedios.com\/futbol\/wp-json\/wp\/v2\/users\/20"}],"replies":[{"embeddable":true,"href":"http:\/\/desarrollo.grupomedios.com\/futbol\/wp-json\/wp\/v2\/comments?post=445902"}],"version-history":[{"count":0,"href":"http:\/\/desarrollo.grupomedios.com\/futbol\/wp-json\/wp\/v2\/posts\/445902\/revisions"}],"wp:featuredmedia":[{"embeddable":true,"href":"http:\/\/desarrollo.grupomedios.com\/futbol\/wp-json\/wp\/v2\/media\/418416"}],"wp:attachment":[{"href":"http:\/\/desarrollo.grupomedios.com\/futbol\/wp-json\/wp\/v2\/media?parent=445902"}],"wp:term":[{"taxonomy":"category","embeddable":true,"href":"http:\/\/desarrollo.grupomedios.com\/futbol\/wp-json\/wp\/v2\/categories?post=445902"},{"taxonomy":"post_tag","embeddable":true,"href":"http:\/\/desarrollo.grupomedios.com\/futbol\/wp-json\/wp\/v2\/tags?post=445902"}],"curies":[{"name":"wp","href":"https:\/\/api.w.org\/{rel}","templated":true}]}}