{"id":445905,"date":"2016-11-30T14:10:38","date_gmt":"2016-11-30T20:10:38","guid":{"rendered":"https:\/\/www.futboltotal.com.mx\/?p=445905"},"modified":"2016-11-30T14:10:38","modified_gmt":"2016-11-30T20:10:38","slug":"usain-bolt-presento-documental-i-am-bolt","status":"publish","type":"post","link":"http:\/\/desarrollo.grupomedios.com\/futbol\/cambio-de-juego\/usain-bolt-presento-documental-i-am-bolt\/2016\/11","title":{"rendered":"&#8220;I am Bolt&#8221;, el documental del triple-triple del jamaiquino"},"content":{"rendered":"<p>El jamaicano <strong>Usain Bolt<\/strong>, el velocista m\u00e1s grande de todos los tiempos, present\u00f3 <em>I am Bolt<\/em>\u00a0(&#8216;Soy Bolt&#8217;), el documental sobre su vida, que narra el arduo camino hacia el hist\u00f3rico triple-triple conquistado hace un par de meses en R\u00edo 2016.<\/p>\n<p>Sonriente y visiblemente relajado, <strong>Bolt<\/strong> explic\u00f3 en un lujoso hotel de la capital brit\u00e1nica, donde hace cuatro a\u00f1os conquist\u00f3 tres de las nueve medallas de oro ol\u00edmpicas que tiene en su haber, las razones que le llevaron a contar en un filme autobiogr\u00e1fico las &#8220;complicadas experiencias&#8221; que vivi\u00f3 hasta los \u00faltimos Juegos.<\/p>\n<blockquote><p>&#8220;Quer\u00eda contar la verdad, que competir a este nivel y ganar medallas no es f\u00e1cil. La gente tiene la idea de que, para m\u00ed, es sencillo, que no tengo estr\u00e9s ni presi\u00f3n. Lo que quer\u00eda era que la gente viera por todo lo que tuve que pasar para estar d\u00f3nde estoy ahora: el dolor, el esfuerzo y las recompensas. Mostrar a todos el camino hasta las victorias&#8221;,\u00a0dijo el velocista.<\/p><\/blockquote>\n<p><a href=\"https:\/\/www.futboltotal.com.mx\/wp-content\/uploads\/2016\/11\/bolt-i-am-bolt.jpg\"><img decoding=\"async\" loading=\"lazy\" class=\"alignnone size-full wp-image-445907\" src=\"https:\/\/www.futboltotal.com.mx\/wp-content\/uploads\/2016\/11\/bolt-i-am-bolt.jpg\" alt=\"bolt-i-am-bolt\" srcset=\"http:\/\/desarrollo.grupomedios.com\/futbol\/wp-content\/uploads\/2016\/11\/bolt-i-am-bolt.jpg 858w, http:\/\/desarrollo.grupomedios.com\/futbol\/wp-content\/uploads\/2016\/11\/bolt-i-am-bolt-300x151.jpg 300w, http:\/\/desarrollo.grupomedios.com\/futbol\/wp-content\/uploads\/2016\/11\/bolt-i-am-bolt-768x386.jpg 768w, http:\/\/desarrollo.grupomedios.com\/futbol\/wp-content\/uploads\/2016\/11\/bolt-i-am-bolt-340x171.jpg 340w\" sizes=\"(max-width: 858px) 100vw, 858px\" \/><\/a><\/p>\n<p>Ataviado con unos pantalones vaqueros desgastados y una camiseta negra de la firma que le viste, la figura m\u00e1s carism\u00e1tica del atletismo (Trelawny, 1986) acudi\u00f3 a la rueda de prensa de presentaci\u00f3n junto a los hermanos Benjamin y Gabe Turner, directores y productores del filme.<\/p>\n<p>&#8216;I am Bolt&#8217;, que narra el camino de Bolt de joven a profesional y detalla los obst\u00e1culos que tuvo que superar para estar en los Juegos Ol\u00edmpicos de Rio 2016, se estren\u00f3 este martes en DVD y Blue-Ray.<\/p>\n<p style=\"text-align: center;\"><span style=\"color: #3366ff;\"><a style=\"color: #3366ff;\" href=\"https:\/\/www.futboltotal.com.mx\/2016\/11\/alemania-pide-eliminar-la-copa-confederaciones\/\">LEER M\u00c1S: Alemania pide eliminar la Copa Confederaciones<\/a><\/span><\/p>\n<p>El documental, que tard\u00f3 dos a\u00f1os en realizarse, gira, sobre todo, en torno al herc\u00faleo camino de Bolt hacia el ansiado triple-triple, la consecuci\u00f3n de tres medallas de oro, en las disciplinas de 100 metros, 200 metros y relevo 4 x 100 metros, en tres Juegos Ol\u00edmpicos consecutivos, algo que ning\u00fan otro velocista en la historia hab\u00eda conseguido.<\/p>\n<p><em>I am Bolt<\/em>, de una hora y 47 minutos de duraci\u00f3n, se centra tambi\u00e9n en aspectos de la vida del jamaicano, como su infancia en su colegio de su Trelawny natal, los v\u00ednculos con sus padres y amigos, y la relaci\u00f3n con su equipo: el entrenador, Glenn Mills; su mejor amigo y representante, Nugent Walker &#8216;NJ&#8217;, y su agente, Ricky Simms.<\/p>\n<blockquote><p>&#8220;Cuando vi la pel\u00edcula sent\u00ed de nuevo todas esas emociones, me ayud\u00f3 a revivir por lo que pas\u00e9. Benjamin y Gabe capturaron los momentos tal y como quer\u00eda yo. El filme ayuda a demostrar que soy una persona transparente, que act\u00faa tal y como es&#8221;, asever\u00f3 <strong>Bolt<\/strong>.<\/p><\/blockquote>\n<p>Algunas figuras destacadas que participan en el documental son la tenista Serena Williams, el jugador del Barcelona Neymar, el exatleta Sebastian Coe, sus compa\u00f1eros Yohan Blake y Asafa Powell, los cantantes jamaicanos Ziggy Marley y Chronixx, o la leyenda brasile\u00f1a Pel\u00e9.<\/p>\n<p><a href=\"https:\/\/www.futboltotal.com.mx\/wp-content\/uploads\/2016\/11\/bolt.jpg\"><img decoding=\"async\" loading=\"lazy\" class=\"alignnone size-full wp-image-445909\" src=\"https:\/\/www.futboltotal.com.mx\/wp-content\/uploads\/2016\/11\/bolt.jpg\" alt=\"bolt\" srcset=\"http:\/\/desarrollo.grupomedios.com\/futbol\/wp-content\/uploads\/2016\/11\/bolt.jpg 858w, http:\/\/desarrollo.grupomedios.com\/futbol\/wp-content\/uploads\/2016\/11\/bolt-300x151.jpg 300w, http:\/\/desarrollo.grupomedios.com\/futbol\/wp-content\/uploads\/2016\/11\/bolt-768x386.jpg 768w, http:\/\/desarrollo.grupomedios.com\/futbol\/wp-content\/uploads\/2016\/11\/bolt-340x171.jpg 340w\" sizes=\"(max-width: 858px) 100vw, 858px\" \/><\/a><\/p>\n<blockquote><p>&#8220;Si sigo compitiendo es por los aficionados, por la gente que nunca me ha visto correr, y les quiero dar la oportunidad de que lo hagan. Ahora compito sin presi\u00f3n, estoy mucho m\u00e1s relajado. Pero voy a seguir trabajando duro, estar\u00e9 preparado para ganar&#8221;, se\u00f1al\u00f3 el velocista, que reiter\u00f3 su deseo de colgar las botas despu\u00e9s de los Mundiales de Londres 2017.<\/p><\/blockquote>\n<p>&#8220;Estoy feliz y emocionado de estar aqu\u00ed, en una ciudad tan especial. Conozco la energ\u00eda de Londres y estoy deseando correr aqu\u00ed en el Mundial. Creo que es un buen lugar para colgar las botas&#8221;, concluy\u00f3.<\/p>\n","protected":false},"excerpt":{"rendered":"<p>Bolt cuenta c\u00f3mo alcanz\u00f3 todo el \u00e9xito<\/p>\n","protected":false},"author":20,"featured_media":445908,"comment_status":"closed","ping_status":"closed","sticky":false,"template":"","format":"standard","meta":[],"categories":[5419,6411],"tags":[1793],"_links":{"self":[{"href":"http:\/\/desarrollo.grupomedios.com\/futbol\/wp-json\/wp\/v2\/posts\/445905"}],"collection":[{"href":"http:\/\/desarrollo.grupomedios.com\/futbol\/wp-json\/wp\/v2\/posts"}],"about":[{"href":"http:\/\/desarrollo.grupomedios.com\/futbol\/wp-json\/wp\/v2\/types\/post"}],"author":[{"embeddable":true,"href":"http:\/\/desarrollo.grupomedios.com\/futbol\/wp-json\/wp\/v2\/users\/20"}],"replies":[{"embeddable":true,"href":"http:\/\/desarrollo.grupomedios.com\/futbol\/wp-json\/wp\/v2\/comments?post=445905"}],"version-history":[{"count":0,"href":"http:\/\/desarrollo.grupomedios.com\/futbol\/wp-json\/wp\/v2\/posts\/445905\/revisions"}],"wp:featuredmedia":[{"embeddable":true,"href":"http:\/\/desarrollo.grupomedios.com\/futbol\/wp-json\/wp\/v2\/media\/445908"}],"wp:attachment":[{"href":"http:\/\/desarrollo.grupomedios.com\/futbol\/wp-json\/wp\/v2\/media?parent=445905"}],"wp:term":[{"taxonomy":"category","embeddable":true,"href":"http:\/\/desarrollo.grupomedios.com\/futbol\/wp-json\/wp\/v2\/categories?post=445905"},{"taxonomy":"post_tag","embeddable":true,"href":"http:\/\/desarrollo.grupomedios.com\/futbol\/wp-json\/wp\/v2\/tags?post=445905"}],"curies":[{"name":"wp","href":"https:\/\/api.w.org\/{rel}","templated":true}]}}