{"id":445915,"date":"2016-11-30T15:47:01","date_gmt":"2016-11-30T21:47:01","guid":{"rendered":"https:\/\/www.futboltotal.com.mx\/?p=445915"},"modified":"2016-11-30T15:47:01","modified_gmt":"2016-11-30T21:47:01","slug":"moises-munoz-ha-renovado-america","status":"publish","type":"post","link":"http:\/\/desarrollo.grupomedios.com\/futbol\/destacado-home\/moises-munoz-ha-renovado-america\/2016\/11","title":{"rendered":"Moi, sin renovar con Am\u00e9rica&#8230;\u00bfse acerca Marches\u00edn?"},"content":{"rendered":"<p>A pesar de que hab\u00eda rumores sobre la renovaci\u00f3n de <strong>Mois\u00e9s Mu\u00f1oz<\/strong> y la llegada de Agust\u00edn Marches\u00edn al Am\u00e9rica, parece que las cosas van tomando un giro distinto luego de que el actual portero de las \u00c1guilas confesar\u00e1 que no ha llegado a firmar su extensi\u00f3n con la directiva.<\/p>\n<blockquote><p>&#8220;Habr\u00eda que hablar con el club (sobre su no renovaci\u00f3n), creo que tambi\u00e9n est\u00e1n esperando que todo se desenvuelva y no estar metiendo temas de contrato cuando hay temas deportivos por solucionar y una vez que haya pasado habr\u00e1 m\u00e1s tranquilidad para hablar&#8221;, explic\u00f3 Mu\u00f1oz antes de viajar a Aguascalientes.<\/p><\/blockquote>\n<p>El arquero <em>azulcrema<\/em> rechaz\u00f3 que vaya a salir del equipo y asegur\u00f3 que est\u00e1 concentrado en la Semifinal donde enfrentar\u00e1 a Necaxa y no en ver si renueva o no con el club.<\/p>\n<p>&#8220;No he platicado con la directiva, no me he acercado con Ricardo (Pel\u00e1ez) porque estoy enfocado al 100 por ciento en el futbol, en los pr\u00f3ximos partidos y ya habr\u00e1 momento para sentarme y saber la versi\u00f3n real y en ese momento tomaremos decisiones&#8221;.<\/p>\n<p style=\"text-align: center;\"><span style=\"color: #3366ff;\"><a style=\"color: #3366ff;\" href=\"https:\/\/www.futboltotal.com.mx\/2016\/11\/usain-bolt-presento-documental-i-am-bolt\/\">LEER M\u00c1S: &#8220;I am Bolt\u201d, el documental del triple-triple del jamaiquino<\/a><\/span><\/p>\n<p>Debido a los rumores sobre la posible llegada de Marches\u00edn,<strong> Mu\u00f1oz<\/strong> rechaz\u00f3 que eso haya sido motivo para que no siguiera su negociaci\u00f3n y que a pesar de lo que pase en el futuro, su intenci\u00f3n es retirarse en Am\u00e9rica, aunque sabe que no est\u00e1 en sus manos.<\/p>\n<blockquote><p>&#8220;No es primera vez que hay rumores o noticias en las que estoy involucrado, tampoco ser\u00e1 la \u00faltima y yo estoy al margen de eso por los partidos que vienen. Yo ahorita estoy tranquilo, trabajando con mucha humildad y tranquilidad, siempre disfrutando cada momento y lo que tenga que pasar va a pasar independientemente de lo que yo quiera&#8221;.<\/p><\/blockquote>\n<p>El contrato de <strong>Mu\u00f1oz<\/strong> con Am\u00e9rica termina este mes de diciembre, pues el a\u00f1o anterior previo a la Semifinal donde las \u00c1guilas enfrentaron a Pumas firm\u00f3 su renovaci\u00f3n con los azulcremas.<\/p>\n","protected":false},"excerpt":{"rendered":"<p>Su contrato termina en diciembre de 2016<\/p>\n","protected":false},"author":20,"featured_media":445923,"comment_status":"closed","ping_status":"closed","sticky":false,"template":"","format":"standard","meta":[],"categories":[5,2198,3845],"tags":[5959,635],"_links":{"self":[{"href":"http:\/\/desarrollo.grupomedios.com\/futbol\/wp-json\/wp\/v2\/posts\/445915"}],"collection":[{"href":"http:\/\/desarrollo.grupomedios.com\/futbol\/wp-json\/wp\/v2\/posts"}],"about":[{"href":"http:\/\/desarrollo.grupomedios.com\/futbol\/wp-json\/wp\/v2\/types\/post"}],"author":[{"embeddable":true,"href":"http:\/\/desarrollo.grupomedios.com\/futbol\/wp-json\/wp\/v2\/users\/20"}],"replies":[{"embeddable":true,"href":"http:\/\/desarrollo.grupomedios.com\/futbol\/wp-json\/wp\/v2\/comments?post=445915"}],"version-history":[{"count":0,"href":"http:\/\/desarrollo.grupomedios.com\/futbol\/wp-json\/wp\/v2\/posts\/445915\/revisions"}],"wp:featuredmedia":[{"embeddable":true,"href":"http:\/\/desarrollo.grupomedios.com\/futbol\/wp-json\/wp\/v2\/media\/445923"}],"wp:attachment":[{"href":"http:\/\/desarrollo.grupomedios.com\/futbol\/wp-json\/wp\/v2\/media?parent=445915"}],"wp:term":[{"taxonomy":"category","embeddable":true,"href":"http:\/\/desarrollo.grupomedios.com\/futbol\/wp-json\/wp\/v2\/categories?post=445915"},{"taxonomy":"post_tag","embeddable":true,"href":"http:\/\/desarrollo.grupomedios.com\/futbol\/wp-json\/wp\/v2\/tags?post=445915"}],"curies":[{"name":"wp","href":"https:\/\/api.w.org\/{rel}","templated":true}]}}