{"id":445952,"date":"2016-11-30T17:18:55","date_gmt":"2016-11-30T23:18:55","guid":{"rendered":"https:\/\/www.futboltotal.com.mx\/?p=445952"},"modified":"2016-11-30T17:23:43","modified_gmt":"2016-11-30T23:23:43","slug":"cinco-cosas-debes-saber-del-tigres-leon","status":"publish","type":"post","link":"http:\/\/desarrollo.grupomedios.com\/futbol\/destacado-home\/cinco-cosas-debes-saber-del-tigres-leon\/2016\/11","title":{"rendered":"Cinco cosas que debes saber del Tigres-Le\u00f3n"},"content":{"rendered":"<p>Los <strong>Tigres<\/strong> de la UANL y el <strong>Le\u00f3n<\/strong> elevan el tel\u00f3n de las Semifinales del Apertura 2016 este mi\u00e9rcoles. En el Nou Camp protagonizar\u00e1n el primer episodio de una batalla in\u00e9dita y definir\u00e1n al primer finalista del certamen el pr\u00f3ximo s\u00e1bado en el Volc\u00e1n.<\/p>\n<p>En solo 12 semanas, el <strong>Le\u00f3n<\/strong> dej\u00f3 el fondo de la clasificaci\u00f3n para resurgir bajo el mando del argentino Javier Torrente y hoy puede volver a vivir una semifinal como un d\u00eda lo hizo con el uruguayo Gustavo Matosas. Y <strong>Tigres<\/strong> hace lo propio, una vez m\u00e1s, de la mano del <em>Tuca<\/em> Ferretti, solo un a\u00f1o despu\u00e9s de jugar su \u00faltima final y haberse consagrado campe\u00f3n en Ciudad Universitaria.<\/p>\n<p>Por ello, en <span style=\"color: #800000;\">Futbol Total<\/span> te presentamos cinco datos que debes saber de esta semifinal in\u00e9dita. \u00bfQui\u00e9n ser\u00e1 el gran finalista?<\/p>\n<p style=\"text-align: center;\"><span style=\"color: #3366ff;\">LEER M\u00c1S: Todas las noticias de futbol mexicano<\/span><\/p>\n<p>[video_player]https:\/\/player.vimeo.com\/external\/193791129.hd.mp4?s=f42ba5c83f39b98a64b180182191375419a8b32d&amp;profile_id=174[\/video_player]<\/p>\n","protected":false},"excerpt":{"rendered":"<p>Te contamos los mejores datos de la semifinal in\u00e9dita del Apertura 2016<\/p>\n","protected":false},"author":20,"featured_media":445960,"comment_status":"closed","ping_status":"closed","sticky":false,"template":"","format":"standard","meta":[],"categories":[5,2198,3845],"tags":[5965,5973],"_links":{"self":[{"href":"http:\/\/desarrollo.grupomedios.com\/futbol\/wp-json\/wp\/v2\/posts\/445952"}],"collection":[{"href":"http:\/\/desarrollo.grupomedios.com\/futbol\/wp-json\/wp\/v2\/posts"}],"about":[{"href":"http:\/\/desarrollo.grupomedios.com\/futbol\/wp-json\/wp\/v2\/types\/post"}],"author":[{"embeddable":true,"href":"http:\/\/desarrollo.grupomedios.com\/futbol\/wp-json\/wp\/v2\/users\/20"}],"replies":[{"embeddable":true,"href":"http:\/\/desarrollo.grupomedios.com\/futbol\/wp-json\/wp\/v2\/comments?post=445952"}],"version-history":[{"count":0,"href":"http:\/\/desarrollo.grupomedios.com\/futbol\/wp-json\/wp\/v2\/posts\/445952\/revisions"}],"wp:featuredmedia":[{"embeddable":true,"href":"http:\/\/desarrollo.grupomedios.com\/futbol\/wp-json\/wp\/v2\/media\/445960"}],"wp:attachment":[{"href":"http:\/\/desarrollo.grupomedios.com\/futbol\/wp-json\/wp\/v2\/media?parent=445952"}],"wp:term":[{"taxonomy":"category","embeddable":true,"href":"http:\/\/desarrollo.grupomedios.com\/futbol\/wp-json\/wp\/v2\/categories?post=445952"},{"taxonomy":"post_tag","embeddable":true,"href":"http:\/\/desarrollo.grupomedios.com\/futbol\/wp-json\/wp\/v2\/tags?post=445952"}],"curies":[{"name":"wp","href":"https:\/\/api.w.org\/{rel}","templated":true}]}}