{"id":446135,"date":"2016-12-01T10:48:24","date_gmt":"2016-12-01T16:48:24","guid":{"rendered":"https:\/\/www.futboltotal.com.mx\/?p=446135"},"modified":"2016-12-04T18:57:13","modified_gmt":"2016-12-05T00:57:13","slug":"oribe-peralta-killer-la-liguilla","status":"publish","type":"post","link":"http:\/\/desarrollo.grupomedios.com\/futbol\/futbol-mexicano\/oribe-peralta-killer-la-liguilla\/2016\/12","title":{"rendered":"Oribe Peralta, el &#8216;Killer&#8217; de la Liguilla"},"content":{"rendered":"<p><strong>Oribe Peralta<\/strong> llega con la etiqueta de <em>Killer<\/em>\u00a0a las Semifinales del <strong>Apertura 2016<\/strong>. Desde que el delantero del Am\u00e9rica se estren\u00f3 como goleador en el torneo Bicentenario 2010 ha logrado marcar un total de 19 goles en el mismo n\u00famero de liguillas disputadas y presume el haberlos conseguido en todas las fases de la <em>Fiesta Grande.<\/em><\/p>\n<p>El g\u00e9nesis de la andadura de <strong>Oribe<\/strong> no fue sencillo. Disput\u00f3 su primera Liguilla en el Apertura 2014 cuando vest\u00eda la camiseta de<em> Rayados<\/em> y fue hasta su novena participaci\u00f3n cuando logro mover las redes. Lo hizo nada menos que en las semifinales, su instancia predilecta para anotar en la que ha conseguido ocho dianas y a la\u00a0que hoy regresa por cuarta ocasi\u00f3n luciendo la camiseta <em>azulcrema.\u00a0<\/em><\/p>\n<p style=\"text-align: center;\"><a href=\"https:\/\/www.futboltotal.com.mx\/futbol-mexicano\/\"><span style=\"color: #3366ff;\">LEER M\u00c1S: Todas las noticias de futbol mexicano<\/span><\/a><\/p>\n<p><a href=\"https:\/\/www.futboltotal.com.mx\/wp-content\/uploads\/2016\/12\/Oribe-Final-goleador-de-Liguilla.jpg\"><img decoding=\"async\" loading=\"lazy\" class=\"alignnone size-full wp-image-446146\" src=\"https:\/\/www.futboltotal.com.mx\/wp-content\/uploads\/2016\/12\/Oribe-Final-goleador-de-Liguilla.jpg\" alt=\"oribe-final-goleador-de-liguilla\" srcset=\"http:\/\/desarrollo.grupomedios.com\/futbol\/wp-content\/uploads\/2016\/12\/Oribe-Final-goleador-de-Liguilla.jpg 858w, http:\/\/desarrollo.grupomedios.com\/futbol\/wp-content\/uploads\/2016\/12\/Oribe-Final-goleador-de-Liguilla-264x300.jpg 264w, http:\/\/desarrollo.grupomedios.com\/futbol\/wp-content\/uploads\/2016\/12\/Oribe-Final-goleador-de-Liguilla-768x874.jpg 768w\" sizes=\"(max-width: 858px) 100vw, 858px\" \/><\/a><\/p>\n<p><strong>Peralta<\/strong> volver\u00e1 a toparse con Necaxa nueve a\u00f1os despu\u00e9s de haberle marcado su \u00faltimo gol (1 de noviembre de 2007) y tras haberlos\u00a0enfrentado por \u00fanica ocasi\u00f3n en los Cuartos de Final del Clausura 2008, donde apenas disputo 69 minutos y no consigui\u00f3 torpedearlos.<\/p>\n<p>Tras no poder marcar en el primer episodio de la serie ante <em>Rayos<\/em>, el <em>Cepillo<\/em>\u00a0tiene la cuenta pendiente de marcar en el desenlace de la semifinal. Su \u00faltimo gol en el presente Apertura 216\u00a0\u00a0fue el de la victoria -su tercero en Cuartos de Final con los <em>azulcremas<\/em>&#8211; en el Cl\u00e1sico ante Chivas. Si de nuevo perfora las redes, entonces habr\u00e1 conseguido un emblem\u00e1tico tanto: el primero en semifinales con la camiseta del Am\u00e9rica.<\/p>\n<p>&nbsp;<\/p>\n","protected":false},"excerpt":{"rendered":"<p>El Cepillo busca su vig\u00e9simo gol en una Liguilla en las Semifinales ante Necaxa<\/p>\n","protected":false},"author":20,"featured_media":446162,"comment_status":"closed","ping_status":"closed","sticky":false,"template":"","format":"standard","meta":[],"categories":[2198,3845],"tags":[5959,261,62],"_links":{"self":[{"href":"http:\/\/desarrollo.grupomedios.com\/futbol\/wp-json\/wp\/v2\/posts\/446135"}],"collection":[{"href":"http:\/\/desarrollo.grupomedios.com\/futbol\/wp-json\/wp\/v2\/posts"}],"about":[{"href":"http:\/\/desarrollo.grupomedios.com\/futbol\/wp-json\/wp\/v2\/types\/post"}],"author":[{"embeddable":true,"href":"http:\/\/desarrollo.grupomedios.com\/futbol\/wp-json\/wp\/v2\/users\/20"}],"replies":[{"embeddable":true,"href":"http:\/\/desarrollo.grupomedios.com\/futbol\/wp-json\/wp\/v2\/comments?post=446135"}],"version-history":[{"count":0,"href":"http:\/\/desarrollo.grupomedios.com\/futbol\/wp-json\/wp\/v2\/posts\/446135\/revisions"}],"wp:featuredmedia":[{"embeddable":true,"href":"http:\/\/desarrollo.grupomedios.com\/futbol\/wp-json\/wp\/v2\/media\/446162"}],"wp:attachment":[{"href":"http:\/\/desarrollo.grupomedios.com\/futbol\/wp-json\/wp\/v2\/media?parent=446135"}],"wp:term":[{"taxonomy":"category","embeddable":true,"href":"http:\/\/desarrollo.grupomedios.com\/futbol\/wp-json\/wp\/v2\/categories?post=446135"},{"taxonomy":"post_tag","embeddable":true,"href":"http:\/\/desarrollo.grupomedios.com\/futbol\/wp-json\/wp\/v2\/tags?post=446135"}],"curies":[{"name":"wp","href":"https:\/\/api.w.org\/{rel}","templated":true}]}}