{"id":446138,"date":"2016-12-01T10:29:33","date_gmt":"2016-12-01T16:29:33","guid":{"rendered":"https:\/\/www.futboltotal.com.mx\/?p=446138"},"modified":"2016-12-01T10:34:21","modified_gmt":"2016-12-01T16:34:21","slug":"chilavert-responsabiliza-a-la-conmebol-tragedia-del-chapecoense","status":"publish","type":"post","link":"http:\/\/desarrollo.grupomedios.com\/futbol\/futbol-internacional\/chilavert-responsabiliza-a-la-conmebol-tragedia-del-chapecoense\/2016\/12","title":{"rendered":"Chilavert responsabiliza a la Conmebol del avionazo"},"content":{"rendered":"<p>El exportero paraguayo, Jos\u00e9 Luis Chilavert se\u00f1al\u00f3 a la Conmebol como la responsable del accidente del avi\u00f3n en el que viajaban los jugadores del <strong>Chapecoense<\/strong> de Brasil al decir: \u201cEllos mandaron contratar este charter\u201d.<\/p>\n<p>El excapit\u00e1n de la Albirroja, consternado por la tragedia, cuestion\u00f3 a los organizadores de la Copa Sudamericana por permitir usar ese avi\u00f3n porque ya hab\u00eda &#8220;hecho varios viajes y hab\u00eda presentado muchos problemas&#8221;. Y reiter\u00f3: &#8220;La Conmebol es responsable. Ellos mandaron contratar a este charter, c\u00f3mo puede ser que un avi\u00f3n obsoleto que no puede ingresar a algunos pa\u00edses sea utilizado&#8221;.<\/p>\n<p style=\"text-align: center;\"><a href=\"https:\/\/www.futboltotal.com.mx\/2016\/12\/cristiano-ronaldo-pudo-ser-barcelona-cifra-risible\/\"><span style=\"color: #3366ff;\">LEER M\u00c1S: Cristiano Ronaldo pudo ser del Bar\u00e7a por una cifra risible<\/span><\/a><\/p>\n<p>La tragedia que le ocurri\u00f3 al <strong>Chapecoense<\/strong> le hizo recordar a Chilavert las malas condiciones en las que han viajado otras entidades del cono sur. Y puso dos ejemplos: &#8220;Hurac\u00e1n se traslad\u00f3 en buses precarios en Venezuela, pod\u00edan haberse ca\u00eddo al barranco cuando se qued\u00f3 sin frenos. La selecci\u00f3n de Argentina tambi\u00e9n viaj\u00f3 en ese avi\u00f3n, imag\u00ednense el grado de irresponsabilidad que tienen esta gente\u201d.<\/p>\n<p>Y apoy\u00f3 la versi\u00f3n que ubica a Gonzalo Belloso, director de desarrollo de la Confederaci\u00f3n Sudamericana de Futbol, como el que recomend\u00f3 el uso de esa nave en malas condiciones de la aerol\u00ednea Lamia Corporation, al ser de su propiedad.<\/p>\n<p>\u201cEllos tienen que aclarar esto, conozco a profundidad la corrupci\u00f3n interna de la Conmebol. La gente que organizaba los viajes del <strong>Chapecoense<\/strong> dijeron que Alejandro Dom\u00ednguez (presidente de la Conmebol) les dijo que ten\u00edan un avi\u00f3n para hacer el viaje, ellos siempre est\u00e1n metidos en eso\u201d, a\u00f1adi\u00f3.<\/p>\n<p style=\"text-align: center;\"><a href=\"https:\/\/www.futboltotal.com.mx\/2016\/12\/las-polemicas-javier-aguirre\/\"><span style=\"color: #3366ff;\">LEER M\u00c1S: \u00a1Las pol\u00e9micas de Javier Aguirre!<\/span><\/a><\/p>\n<p>La critica del exportero conocido por anotar varios goles de tiro libre afirm\u00f3 que a la Conmebol &#8220;no les importa la vida del ser humano, solo la plata&#8221;, por lo cual invit\u00f3 a los familiares de los futbolistas del <strong>Chapecoense<\/strong> a hacer las denuncias correspondientes. &#8220;Ojal\u00e1 la justicia llegue hasta el final&#8221;, asegur\u00f3.<\/p>\n<p>Chilavert tambi\u00e9n solicit\u00f3 la participaci\u00f3n de Gianni Infantino, el presidente de la FIFA: &#8220;Tiene que sacar de una vez a todos los dirigentes de la Conmebol, son culpables de la tragedia porque avalaron lo que dijo Alejandro Dom\u00ednguez, asesorado por Belloso&#8221;.<\/p>\n","protected":false},"excerpt":{"rendered":"<p>Solicita a la FIFA destituir a los dirigentes del organismo sudamericano.<\/p>\n","protected":false},"author":127,"featured_media":446156,"comment_status":"closed","ping_status":"closed","sticky":false,"template":"","format":"standard","meta":[],"categories":[3839,5951],"tags":[5996,7672,1392,2092,361,1775,2621],"_links":{"self":[{"href":"http:\/\/desarrollo.grupomedios.com\/futbol\/wp-json\/wp\/v2\/posts\/446138"}],"collection":[{"href":"http:\/\/desarrollo.grupomedios.com\/futbol\/wp-json\/wp\/v2\/posts"}],"about":[{"href":"http:\/\/desarrollo.grupomedios.com\/futbol\/wp-json\/wp\/v2\/types\/post"}],"author":[{"embeddable":true,"href":"http:\/\/desarrollo.grupomedios.com\/futbol\/wp-json\/wp\/v2\/users\/127"}],"replies":[{"embeddable":true,"href":"http:\/\/desarrollo.grupomedios.com\/futbol\/wp-json\/wp\/v2\/comments?post=446138"}],"version-history":[{"count":0,"href":"http:\/\/desarrollo.grupomedios.com\/futbol\/wp-json\/wp\/v2\/posts\/446138\/revisions"}],"wp:featuredmedia":[{"embeddable":true,"href":"http:\/\/desarrollo.grupomedios.com\/futbol\/wp-json\/wp\/v2\/media\/446156"}],"wp:attachment":[{"href":"http:\/\/desarrollo.grupomedios.com\/futbol\/wp-json\/wp\/v2\/media?parent=446138"}],"wp:term":[{"taxonomy":"category","embeddable":true,"href":"http:\/\/desarrollo.grupomedios.com\/futbol\/wp-json\/wp\/v2\/categories?post=446138"},{"taxonomy":"post_tag","embeddable":true,"href":"http:\/\/desarrollo.grupomedios.com\/futbol\/wp-json\/wp\/v2\/tags?post=446138"}],"curies":[{"name":"wp","href":"https:\/\/api.w.org\/{rel}","templated":true}]}}