{"id":446172,"date":"2016-12-01T11:53:54","date_gmt":"2016-12-01T17:53:54","guid":{"rendered":"https:\/\/www.futboltotal.com.mx\/?p=446172"},"modified":"2016-12-01T11:54:10","modified_gmt":"2016-12-01T17:54:10","slug":"cazorla-estara-fuera-tres-meses","status":"publish","type":"post","link":"http:\/\/desarrollo.grupomedios.com\/futbol\/futbol-internacional\/cazorla-estara-fuera-tres-meses\/2016\/12","title":{"rendered":"Cazorla estar\u00e1 fuera tres meses"},"content":{"rendered":"<p>El centrocampista espa\u00f1ol del Arsenal <strong>Santi Cazorl<\/strong>a se desplazar\u00e1 la pr\u00f3xima semana a Suecia para ser operado de su lesi\u00f3n de tobillo, por lo que estar\u00e1 alrededor de tres meses de baja, inform\u00f3 este jueves el club ingl\u00e9s a trav\u00e9s de un comunicado.<\/p>\n<blockquote class=\"twitter-tweet\" data-width=\"500\">\n<p lang=\"und\" dir=\"ltr\"><a href=\"https:\/\/twitter.com\/hashtag\/GetBetterSoonSanti?src=hash\">#GetBetterSoonSanti<\/a> <a href=\"https:\/\/t.co\/15IU0kzCpv\">https:\/\/t.co\/15IU0kzCpv<\/a><\/p>\n<p>&mdash; Arsenal FC (@Arsenal) <a href=\"https:\/\/twitter.com\/Arsenal\/status\/804355000445059072\">December 1, 2016<\/a><\/p><\/blockquote>\n<p><script async src=\"\/\/platform.twitter.com\/widgets.js\" charset=\"utf-8\"><\/script><\/p>\n<p><strong>Cazorla<\/strong>, de 31 a\u00f1os, que se lastim\u00f3 el tobillo derecho durante el partido de Liga de Campeones del pasado 19 de octubre frente al Ludogorets (6-0), ha decidido, de acuerdo con el cuerpo m\u00e9dico del Arsenal y con varios expertos, pasar por el quir\u00f3fano.<\/p>\n<p style=\"text-align: center;\"><a href=\"https:\/\/www.futboltotal.com.mx\/2016\/12\/la-fa-investiga-casos-de-pederastia\/\"><span style=\"color: #3366ff;\">LEER M\u00c1S: La FA investiga casos de pederastia<\/span><\/a><\/p>\n<p>El futbolista espa\u00f1ol no ha evolucionado como se esperaba en su proceso de rehabilitaci\u00f3n, por lo que ha optado por la operaci\u00f3n.<\/p>\n<p>&#8220;Todos en el club trabajaremos muy duro para asegurarnos de que Santi est\u00e1 de vuelta sobre los terrenos de juego lo antes posible&#8221;, expres\u00f3 el Arsenal en su p\u00e1gina web.<\/p>\n<p>La pasada temporada, el internacional espa\u00f1ol se perdi\u00f3 siete meses de competici\u00f3n por una lesi\u00f3n de rodilla.<\/p>\n<p style=\"text-align: center;\"><a href=\"https:\/\/www.futboltotal.com.mx\/2016\/12\/la-fifa-revela-a-los-candidatos-al-11-ideal-del-ano\/\"><span style=\"color: #3366ff;\">LEER M\u00c1S: \u00a1La FIFA revela a los candidatos al 11 ideal del a\u00f1o!<\/span><\/a><\/p>\n<p><strong>Cazorla<\/strong> ha disputado 11 encuentros esta temporada con los &#8216;Gunners&#8217; en todas las competiciones, en los que ha anotado dos goles, ambos de penalti, en las victorias sobre Watford (1-2) y Southampton (2-1).<\/p>\n","protected":false},"excerpt":{"rendered":"<p>La pasada temporada, el espa\u00f1ol estuvo inactivo siete meses por una lesi\u00f3n de rodilla.<\/p>\n","protected":false},"author":144,"featured_media":446178,"comment_status":"closed","ping_status":"closed","sticky":false,"template":"","format":"standard","meta":[],"categories":[3841,3839,3846],"tags":[6044,36,7694,4890,4370],"_links":{"self":[{"href":"http:\/\/desarrollo.grupomedios.com\/futbol\/wp-json\/wp\/v2\/posts\/446172"}],"collection":[{"href":"http:\/\/desarrollo.grupomedios.com\/futbol\/wp-json\/wp\/v2\/posts"}],"about":[{"href":"http:\/\/desarrollo.grupomedios.com\/futbol\/wp-json\/wp\/v2\/types\/post"}],"author":[{"embeddable":true,"href":"http:\/\/desarrollo.grupomedios.com\/futbol\/wp-json\/wp\/v2\/users\/144"}],"replies":[{"embeddable":true,"href":"http:\/\/desarrollo.grupomedios.com\/futbol\/wp-json\/wp\/v2\/comments?post=446172"}],"version-history":[{"count":0,"href":"http:\/\/desarrollo.grupomedios.com\/futbol\/wp-json\/wp\/v2\/posts\/446172\/revisions"}],"wp:featuredmedia":[{"embeddable":true,"href":"http:\/\/desarrollo.grupomedios.com\/futbol\/wp-json\/wp\/v2\/media\/446178"}],"wp:attachment":[{"href":"http:\/\/desarrollo.grupomedios.com\/futbol\/wp-json\/wp\/v2\/media?parent=446172"}],"wp:term":[{"taxonomy":"category","embeddable":true,"href":"http:\/\/desarrollo.grupomedios.com\/futbol\/wp-json\/wp\/v2\/categories?post=446172"},{"taxonomy":"post_tag","embeddable":true,"href":"http:\/\/desarrollo.grupomedios.com\/futbol\/wp-json\/wp\/v2\/tags?post=446172"}],"curies":[{"name":"wp","href":"https:\/\/api.w.org\/{rel}","templated":true}]}}