{"id":446200,"date":"2016-12-01T13:32:28","date_gmt":"2016-12-01T19:32:28","guid":{"rendered":"https:\/\/www.futboltotal.com.mx\/?p=446200"},"modified":"2016-12-01T14:20:53","modified_gmt":"2016-12-01T20:20:53","slug":"cinco-cosas-debes-saber-del-necaxa-america","status":"publish","type":"post","link":"http:\/\/desarrollo.grupomedios.com\/futbol\/destacado-home\/cinco-cosas-debes-saber-del-necaxa-america\/2016\/12","title":{"rendered":"Cinco cosas que debes saber del Necaxa &#8211; Am\u00e9rica"},"content":{"rendered":"<p>La segunda Semifinal de la Liguilla del Apertura 2016 entre Necaxa y Am\u00e9rica tendr\u00e1 lugar esta noche en el estadio Victoria, donde Rayos y \u00c1guilas revivir\u00e1n un duelo que se remonta a los primeros a\u00f1os del Siglo XX.<\/p>\n<p>El equipo de Necaxa sorprendi\u00f3 a todos al clasificarse a la Fase Final del torneo en su regreso a la Liga MX y luego por la eliminaci\u00f3n al actual Campe\u00f3n, el Pachuca. Por su parte, los de Coapa buscar\u00e1n seguir con la buena racha que tienen desde que Ricardo La Volpe tom\u00f3 el cargo.<\/p>\n<p>Ahora los Rayos buscar\u00e1n vengar el \u00faltimo partido que tuvieron en Liguilla frente al Am\u00e9rica, aunque sea una instancia diferente. Por ello, en Futbol Total, te presentamos las cinco cosas que debes saber del Necaxa vs Am\u00e9rica.<\/p>\n<p style=\"text-align: center;\"><span style=\"color: #3366ff;\"><a style=\"color: #3366ff;\" href=\"https:\/\/www.futboltotal.com.mx\/2016\/12\/clasico-barcelona-vs-real-madrid-estrenara-tecnologia\/\">LEER M\u00c1S: Cl\u00e1sico de Espa\u00f1a estrenar\u00e1 tecnolog\u00eda 360\u00ba<\/a><\/span><\/p>\n<p>[video_player]https:\/\/player.vimeo.com\/external\/193920100.hd.mp4?s=c995b00715cc744d486849922a2bacba74ef078f&amp;profile_id=174[\/video_player]<\/p>\n","protected":false},"excerpt":{"rendered":"<p>Los Rayos buscar\u00e1n vengar el resultado de aquel torneo de Verano 2002<\/p>\n","protected":false},"author":20,"featured_media":445514,"comment_status":"closed","ping_status":"closed","sticky":false,"template":"","format":"standard","meta":[],"categories":[5,2198,3845],"tags":[5959,64,261],"_links":{"self":[{"href":"http:\/\/desarrollo.grupomedios.com\/futbol\/wp-json\/wp\/v2\/posts\/446200"}],"collection":[{"href":"http:\/\/desarrollo.grupomedios.com\/futbol\/wp-json\/wp\/v2\/posts"}],"about":[{"href":"http:\/\/desarrollo.grupomedios.com\/futbol\/wp-json\/wp\/v2\/types\/post"}],"author":[{"embeddable":true,"href":"http:\/\/desarrollo.grupomedios.com\/futbol\/wp-json\/wp\/v2\/users\/20"}],"replies":[{"embeddable":true,"href":"http:\/\/desarrollo.grupomedios.com\/futbol\/wp-json\/wp\/v2\/comments?post=446200"}],"version-history":[{"count":0,"href":"http:\/\/desarrollo.grupomedios.com\/futbol\/wp-json\/wp\/v2\/posts\/446200\/revisions"}],"wp:featuredmedia":[{"embeddable":true,"href":"http:\/\/desarrollo.grupomedios.com\/futbol\/wp-json\/wp\/v2\/media\/445514"}],"wp:attachment":[{"href":"http:\/\/desarrollo.grupomedios.com\/futbol\/wp-json\/wp\/v2\/media?parent=446200"}],"wp:term":[{"taxonomy":"category","embeddable":true,"href":"http:\/\/desarrollo.grupomedios.com\/futbol\/wp-json\/wp\/v2\/categories?post=446200"},{"taxonomy":"post_tag","embeddable":true,"href":"http:\/\/desarrollo.grupomedios.com\/futbol\/wp-json\/wp\/v2\/tags?post=446200"}],"curies":[{"name":"wp","href":"https:\/\/api.w.org\/{rel}","templated":true}]}}