{"id":446225,"date":"2016-12-01T16:03:49","date_gmt":"2016-12-01T22:03:49","guid":{"rendered":"https:\/\/www.futboltotal.com.mx\/?p=446225"},"modified":"2016-12-01T16:15:55","modified_gmt":"2016-12-01T22:15:55","slug":"ronaldinho-riquelme-jugarian-gratis-chapecoense","status":"publish","type":"post","link":"http:\/\/desarrollo.grupomedios.com\/futbol\/futbol-internacional\/ronaldinho-riquelme-jugarian-gratis-chapecoense\/2016\/12","title":{"rendered":"Ronaldinho y Riquelme jugar\u00edan gratis con el Chapecoense"},"content":{"rendered":"<p>Despu\u00e9s de la cat\u00e1strofe \u00e1rea vivida por el equipo <strong>Chapecoense<\/strong> de Brasil, donde se perdieron 71 vidas humanas,\u00a0surgieron miles de rumores, entre los m\u00e1s importantes suena la posible llegada de los cracks Ronaldinho y Juan Rom\u00e1n Riquelme.<\/p>\n<p>Hasta ahora ninguna versi\u00f3n ha sido confirmada, pero tampoco rechazada por parte de los involucrados.<\/p>\n<p style=\"text-align: center;\"><span style=\"color: #3366ff;\"><a style=\"color: #3366ff;\" href=\"https:\/\/www.futboltotal.com.mx\/2016\/12\/river-plate-jugara-verde-chapecoense\/\">LEER M\u00c1S: River Plate jugar\u00e1 de verde por Chapecoense<\/a><\/span><\/p>\n<p>Ronaldinho de 36 a\u00f1os,\u00a0anunci\u00f3 su retiro de las canchas el pasado 7 de septiembre, luego de no tener club durante un a\u00f1o. Mientras que el astro argentino de 38 a\u00f1os, se retir\u00f3 del futbol profesional en enero del 2015 y seg\u00fan se dice en las redes sociales jugar\u00eda s\u00f3lo por 6 meses en el equipo brasile\u00f1o.<\/p>\n<p>Roberto de Assis, hermano de Ronaldinho, declar\u00f3 en una entrevista a <em>Globoesporte.com<\/em>\u00a0que est\u00e1n muy dispuestos a ayudar al equipo de la ciudad de Chapec\u00f3.<\/p>\n<blockquote><p>&#8220;Vamos ajudar. No s\u00e9 si ser\u00eda un juego o con un v\u00ednculo. Emociona el hecho de que sea nombrado (Ronaldinho) para ayudar y nos hace pensar. S\u00f3lo puedo decir que estamos aqu\u00ed y queremos ayudar&#8221;.<\/p><\/blockquote>\n<p>Estas declaraciones avivan m\u00e1s el rumor de la llegada de <em>R10<\/em>.<\/p>\n<p>Si estos dos monstruos llegaran al equipo, \u00bfA qui\u00e9n le dar\u00edas la &#8217;10&#8217;?<\/p>\n<blockquote class=\"twitter-tweet\" data-width=\"500\">\n<p lang=\"pt\" dir=\"ltr\">Assis diz que Ronaldinho pode jogar na Chapecoense. <a href=\"https:\/\/t.co\/2BOBQdsFi9\">https:\/\/t.co\/2BOBQdsFi9<\/a> <a href=\"https:\/\/t.co\/B0HsuU7xqI\">pic.twitter.com\/B0HsuU7xqI<\/a><\/p>\n<p>&mdash; Jornal O Globo (@JornalOGlobo) <a href=\"https:\/\/twitter.com\/JornalOGlobo\/status\/804403695240626176\">December 1, 2016<\/a><\/p><\/blockquote>\n<p><script async src=\"\/\/platform.twitter.com\/widgets.js\" charset=\"utf-8\"><\/script><\/p>\n<p><span style=\"color: #800000;\">S\u00cdGUENOS EN TWITTER: <\/span><a href=\"https:\/\/twitter.com\/MXFutbolTotal\">@MXFutbolTotal<\/a><\/p>\n<p>&nbsp;<\/p>\n<p>&nbsp;<\/p>\n","protected":false},"excerpt":{"rendered":"<p>Ambos futbolistas llegar\u00edan al equipo brasile\u00f1o para ayudarlos en su reestructuraci\u00f3n. <\/p>\n","protected":false},"author":20,"featured_media":446237,"comment_status":"closed","ping_status":"closed","sticky":false,"template":"","format":"standard","meta":[],"categories":[3839,5951],"tags":[7668,1240,5997],"_links":{"self":[{"href":"http:\/\/desarrollo.grupomedios.com\/futbol\/wp-json\/wp\/v2\/posts\/446225"}],"collection":[{"href":"http:\/\/desarrollo.grupomedios.com\/futbol\/wp-json\/wp\/v2\/posts"}],"about":[{"href":"http:\/\/desarrollo.grupomedios.com\/futbol\/wp-json\/wp\/v2\/types\/post"}],"author":[{"embeddable":true,"href":"http:\/\/desarrollo.grupomedios.com\/futbol\/wp-json\/wp\/v2\/users\/20"}],"replies":[{"embeddable":true,"href":"http:\/\/desarrollo.grupomedios.com\/futbol\/wp-json\/wp\/v2\/comments?post=446225"}],"version-history":[{"count":0,"href":"http:\/\/desarrollo.grupomedios.com\/futbol\/wp-json\/wp\/v2\/posts\/446225\/revisions"}],"wp:featuredmedia":[{"embeddable":true,"href":"http:\/\/desarrollo.grupomedios.com\/futbol\/wp-json\/wp\/v2\/media\/446237"}],"wp:attachment":[{"href":"http:\/\/desarrollo.grupomedios.com\/futbol\/wp-json\/wp\/v2\/media?parent=446225"}],"wp:term":[{"taxonomy":"category","embeddable":true,"href":"http:\/\/desarrollo.grupomedios.com\/futbol\/wp-json\/wp\/v2\/categories?post=446225"},{"taxonomy":"post_tag","embeddable":true,"href":"http:\/\/desarrollo.grupomedios.com\/futbol\/wp-json\/wp\/v2\/tags?post=446225"}],"curies":[{"name":"wp","href":"https:\/\/api.w.org\/{rel}","templated":true}]}}