{"id":446227,"date":"2016-12-01T15:46:21","date_gmt":"2016-12-01T21:46:21","guid":{"rendered":"https:\/\/www.futboltotal.com.mx\/?p=446227"},"modified":"2016-12-01T15:46:21","modified_gmt":"2016-12-01T21:46:21","slug":"vela-la-real-sociedad-toman-ventaja-en-la-copa-del-rey","status":"publish","type":"post","link":"http:\/\/desarrollo.grupomedios.com\/futbol\/futbol-internacional\/vela-la-real-sociedad-toman-ventaja-en-la-copa-del-rey\/2016\/12","title":{"rendered":"Vela y la Real Sociedad toman ventaja en la Copa del Rey"},"content":{"rendered":"<p>La Real Sociedad, donde milita el mexicano Carlos Vela, resolvi\u00f3 la eliminatoria copera ante el Valladolid, de Segunda Divisi\u00f3n, en el duelo de ida (1-3), ante un rival que no se amilan\u00f3 y jug\u00f3 al ataque desde el inicio.<\/p>\n<p>El Valladolid pag\u00f3 los fallos defensivos ante un rival de Primera que hizo valer la efectividad de sus jugadores.<\/p>\n<blockquote class=\"twitter-tweet\" data-width=\"500\">\n<p lang=\"es\" dir=\"ltr\">Final del partido. Buen tirunfo txuri urdin (1-3) y eliminatoria encarrilada <a href=\"https:\/\/twitter.com\/hashtag\/RealValladolidRealSociedad?src=hash\">#RealValladolidRealSociedad<\/a><\/p>\n<p>&mdash; Real Sociedad F\u00fatbol (@RealSociedad) <a href=\"https:\/\/twitter.com\/RealSociedad\/status\/804427613905092609\">December 1, 2016<\/a><\/p><\/blockquote>\n<p><script async src=\"\/\/platform.twitter.com\/widgets.js\" charset=\"utf-8\"><\/script><\/p>\n<p>El conjunto donostiarra sali\u00f3 dispuesto a resolver de manera inmediata y, en la primera ocasi\u00f3n de que dispuso, inaugur\u00f3 el marcador con un remate de \u00cd\u00f1igo Mart\u00ednez tras un c\u00f3rner.<\/p>\n<p>Pero los locales, lejos de amedrentarse, comenzaron a presionar para controlar el bal\u00f3n y crear ocasiones, que llegaron a trav\u00e9s de Mata, en el minuto 8, aunque su remate fue muy flojo y lo detuvo Rulli sin problemas, y en el minuto 13, con una internada en el \u00e1rea que tuvo que frenar el guardameta de la Real de manera irregular.<\/p>\n<p style=\"text-align: center;\"><span style=\"color: #3366ff;\"><a style=\"color: #3366ff;\" href=\"https:\/\/www.futboltotal.com.mx\/2016\/12\/chivas-regresa-a-television\/\">LEER M\u00c1S: \u00bfChivas regresa a televisi\u00f3n?<\/a><\/span><\/p>\n<p>El colegiado no dud\u00f3 en se\u00f1alar la pena m\u00e1xima, que se encarg\u00f3 de transformar el propio Mata, con un disparo raso a la derecha de la porter\u00eda de Rulli, para empatar de nuevo el encuentro y dar esperanzas a su equipo.<\/p>\n<p>La segunda mitad comenz\u00f3 con un Real Valladolid que intent\u00f3 asediar el \u00e1rea visitante, mientras que los de Eusebio Sacrist\u00e1n mantuvieron su actitud conservadora, a la espera de un fallo local. Incluso un gol fue anulado al mexicano Carlos Vela debido a un fuera de lugar.<\/p>\n<p>Ese fallo lleg\u00f3 en el minuto 62, cuando Anuar perdi\u00f3 el bal\u00f3n antes de llegar al centro del campo, lo que aprovech\u00f3 Juanmi para llegar al \u00e1rea local pr\u00e1cticamente solo y rematar con potencia, dejando a Pau Torres sin opciones de atajar el disparo e impedir el 1-2.<\/p>\n<p>Fue un jarro de agua fr\u00eda para los locales, que se durmieron en defensa y eso, ante un rival de calidad, se paga caro. As\u00ed, en el minuto 74, Juanmi entr\u00f3 de cabeza con velocidad desde el centro del \u00e1rea para rematar un gran centro de Carlos Mart\u00ednez y poner el 1-3 en el marcador.<\/p>\n<p>El Real Valladolid pudo haber marcado otro gol, pero el un juez de l\u00ednea detuvo una internada de Mata en el \u00e1rea donostiarra cuando se plantaba solo delante de Rulli al se\u00f1alar un fuera de juego muy protestado por los locales.<\/p>\n","protected":false},"excerpt":{"rendered":"<p>Real Sociedad sac\u00f3 ventaja de dos goles en la ida<\/p>\n","protected":false},"author":144,"featured_media":446228,"comment_status":"closed","ping_status":"closed","sticky":false,"template":"","format":"standard","meta":[],"categories":[3839,5951],"tags":[6048,7697],"_links":{"self":[{"href":"http:\/\/desarrollo.grupomedios.com\/futbol\/wp-json\/wp\/v2\/posts\/446227"}],"collection":[{"href":"http:\/\/desarrollo.grupomedios.com\/futbol\/wp-json\/wp\/v2\/posts"}],"about":[{"href":"http:\/\/desarrollo.grupomedios.com\/futbol\/wp-json\/wp\/v2\/types\/post"}],"author":[{"embeddable":true,"href":"http:\/\/desarrollo.grupomedios.com\/futbol\/wp-json\/wp\/v2\/users\/144"}],"replies":[{"embeddable":true,"href":"http:\/\/desarrollo.grupomedios.com\/futbol\/wp-json\/wp\/v2\/comments?post=446227"}],"version-history":[{"count":0,"href":"http:\/\/desarrollo.grupomedios.com\/futbol\/wp-json\/wp\/v2\/posts\/446227\/revisions"}],"wp:featuredmedia":[{"embeddable":true,"href":"http:\/\/desarrollo.grupomedios.com\/futbol\/wp-json\/wp\/v2\/media\/446228"}],"wp:attachment":[{"href":"http:\/\/desarrollo.grupomedios.com\/futbol\/wp-json\/wp\/v2\/media?parent=446227"}],"wp:term":[{"taxonomy":"category","embeddable":true,"href":"http:\/\/desarrollo.grupomedios.com\/futbol\/wp-json\/wp\/v2\/categories?post=446227"},{"taxonomy":"post_tag","embeddable":true,"href":"http:\/\/desarrollo.grupomedios.com\/futbol\/wp-json\/wp\/v2\/tags?post=446227"}],"curies":[{"name":"wp","href":"https:\/\/api.w.org\/{rel}","templated":true}]}}