{"id":446240,"date":"2016-12-01T16:55:22","date_gmt":"2016-12-01T22:55:22","guid":{"rendered":"https:\/\/www.futboltotal.com.mx\/?p=446240"},"modified":"2016-12-01T17:37:52","modified_gmt":"2016-12-01T23:37:52","slug":"chivas-no-quiere-dejar-ir-a-tono-rodriguez","status":"publish","type":"post","link":"http:\/\/desarrollo.grupomedios.com\/futbol\/futbol-mexicano\/chivas-no-quiere-dejar-ir-a-tono-rodriguez\/2016\/12","title":{"rendered":"Chivas no quiere dejar ir a To\u00f1o Rodr\u00edguez"},"content":{"rendered":"<p>Para el Clausura 2017 no habr\u00e1 cambios en la porter\u00eda de <strong>Chivas<\/strong>. Al menos, es la idea que tiene en principio el cuerpo t\u00e9cnico y la directiva del club, despu\u00e9s de haber dialogado y acordar la permanencia de Rodolfo Cota y descartar la salida del segundo arquero Jos\u00e9 Antonio Rodr\u00edguez, figura del club en la Copa MX.<\/p>\n<p>En el Apertura 2016, <em>Pepe To\u00f1o\u00a0<\/em>no tuvo un solo minuto en Liga y tuvo que limitarse a jugar solo cuatro partidos de la justa copera. Cumpli\u00f3 con creces al haber atajado un penal ante Am\u00e9rica que catapult\u00f3 al equipo a la Final. Por ello, aunque en su momento se habl\u00f3 de la posibilidad de que al terminar el presente semestre pudiese buscar minutos en otro equipo, la opci\u00f3n de buscarle acomodo en otro equipo ha quedado descartada.<\/p>\n<p style=\"text-align: center;\"><a href=\"https:\/\/www.futboltotal.com.mx\/futbol-mexicano\/\"><span style=\"color: #3366ff;\">LEER M\u00c1S: Todas las noticias de futbol mexicano<\/span><\/a><\/p>\n<p style=\"text-align: left;\">Tanto el entrenador Mat\u00edas Almeyda como la directiva del club quieren que To\u00f1o Rodr\u00edguez permanezca en el club y, de nueva cuenta, dispute la titularidad con Cota el pr\u00f3ximo semestre. De hecho, en Verde Valle rechazaron un posible traspaso al Santos, donde se reencontrar\u00eda con el <em>Chepo<\/em> de la Torre y ocupar\u00eda el sitio que dejar\u00eda Agustin Marches\u00edn, quien ha sido vinculado con el Am\u00e9rica.<\/p>\n<p style=\"text-align: left;\">Aunado a ello, se ha tomado la decisi\u00f3n debido a que al <em>Reba\u00f1o<\/em> se le ha complicado\u00a0validar la opci\u00f3n de compra por Cota, cuya carta pertenece al Pachuca y quien desde hace un a\u00f1o milita en calidad de pr\u00e9stamo. En caso de no poder concretar el pase definitivo, entonces Rodolfo volver\u00e1 con <em>Tuzos<\/em> el siguiente semestre y\u00a0<em>Pepe To\u00f1o<\/em> ser\u00e1 el arquero titular.<\/p>\n","protected":false},"excerpt":{"rendered":"<p>El Reba\u00f1o no ha podido concretar el fichaje definitivo de Rodolfo Cota.<\/p>\n","protected":false},"author":20,"featured_media":446253,"comment_status":"closed","ping_status":"closed","sticky":false,"template":"","format":"standard","meta":[],"categories":[2198,3845,5950],"tags":[70,6920],"_links":{"self":[{"href":"http:\/\/desarrollo.grupomedios.com\/futbol\/wp-json\/wp\/v2\/posts\/446240"}],"collection":[{"href":"http:\/\/desarrollo.grupomedios.com\/futbol\/wp-json\/wp\/v2\/posts"}],"about":[{"href":"http:\/\/desarrollo.grupomedios.com\/futbol\/wp-json\/wp\/v2\/types\/post"}],"author":[{"embeddable":true,"href":"http:\/\/desarrollo.grupomedios.com\/futbol\/wp-json\/wp\/v2\/users\/20"}],"replies":[{"embeddable":true,"href":"http:\/\/desarrollo.grupomedios.com\/futbol\/wp-json\/wp\/v2\/comments?post=446240"}],"version-history":[{"count":0,"href":"http:\/\/desarrollo.grupomedios.com\/futbol\/wp-json\/wp\/v2\/posts\/446240\/revisions"}],"wp:featuredmedia":[{"embeddable":true,"href":"http:\/\/desarrollo.grupomedios.com\/futbol\/wp-json\/wp\/v2\/media\/446253"}],"wp:attachment":[{"href":"http:\/\/desarrollo.grupomedios.com\/futbol\/wp-json\/wp\/v2\/media?parent=446240"}],"wp:term":[{"taxonomy":"category","embeddable":true,"href":"http:\/\/desarrollo.grupomedios.com\/futbol\/wp-json\/wp\/v2\/categories?post=446240"},{"taxonomy":"post_tag","embeddable":true,"href":"http:\/\/desarrollo.grupomedios.com\/futbol\/wp-json\/wp\/v2\/tags?post=446240"}],"curies":[{"name":"wp","href":"https:\/\/api.w.org\/{rel}","templated":true}]}}