{"id":446244,"date":"2016-12-01T16:40:33","date_gmt":"2016-12-01T22:40:33","guid":{"rendered":"https:\/\/www.futboltotal.com.mx\/?p=446244"},"modified":"2016-12-01T17:20:21","modified_gmt":"2016-12-01T23:20:21","slug":"conmebol-otorgara-titulo-al-chapecoense","status":"publish","type":"post","link":"http:\/\/desarrollo.grupomedios.com\/futbol\/futbol-internacional\/conmebol-otorgara-titulo-al-chapecoense\/2016\/12","title":{"rendered":"CONMEBOL otorgar\u00e1 t\u00edtulo al Chapecoense"},"content":{"rendered":"<p>El portal brasile\u00f1o, <em>GloboEsporte<\/em>, dio a conocer que el <strong>Chapecoense<\/strong> ser\u00e1 nombrado como campe\u00f3n de la Copa Sudamericana de 2016, pues la <strong>CONMEBOL<\/strong> ya tom\u00f3 la decisi\u00f3n pero la dar\u00e1 a conocer posteriormente, debido a problemas burocr\u00e1ticos.<\/p>\n<p>De acuerdo al medio amaz\u00f3nico, la <strong>CONMEBOL<\/strong> tom\u00f3 la determinaci\u00f3n de ceder el t\u00edtulo al <strong>Chapecoense<\/strong> debido a que no se ha presentado ning\u00fan impedimento por parte de directivos, para que eso pase; sin embargo, el organismo ha decidido esperar debido a que cree que no es el momento para oficializar la noticia.<\/p>\n<p style=\"text-align: center;\"><span style=\"color: #3366ff;\"><a style=\"color: #3366ff;\" href=\"https:\/\/www.futboltotal.com.mx\/2016\/12\/ronaldinho-riquelme-jugarian-gratis-chapecoense\/\" target=\"_blank\"><strong>LEER M\u00c1S: Ronaldinho y Riquelme jugar\u00edan en el Chapecoense<\/strong><\/a><\/span><\/p>\n<p><a href=\"https:\/\/www.futboltotal.com.mx\/wp-content\/uploads\/2016\/12\/conmebol-chapecoense.jpg\"><img decoding=\"async\" loading=\"lazy\" class=\"alignnone size-full wp-image-446245\" src=\"https:\/\/www.futboltotal.com.mx\/wp-content\/uploads\/2016\/12\/conmebol-chapecoense.jpg\" alt=\"conmebol-chapecoense\" srcset=\"http:\/\/desarrollo.grupomedios.com\/futbol\/wp-content\/uploads\/2016\/12\/conmebol-chapecoense.jpg 858w, http:\/\/desarrollo.grupomedios.com\/futbol\/wp-content\/uploads\/2016\/12\/conmebol-chapecoense-300x151.jpg 300w, http:\/\/desarrollo.grupomedios.com\/futbol\/wp-content\/uploads\/2016\/12\/conmebol-chapecoense-768x386.jpg 768w, http:\/\/desarrollo.grupomedios.com\/futbol\/wp-content\/uploads\/2016\/12\/conmebol-chapecoense-340x171.jpg 340w\" sizes=\"(max-width: 858px) 100vw, 858px\" \/><\/a><\/p>\n<p>El inconveniente es que la <strong>CONMEBOL<\/strong> requiere de resolver el asunto de forma burocr\u00e1tica, es decir, hasta que se re\u00fana el comit\u00e9; situaci\u00f3n que se dar\u00e1 hasta el 21 de diciembre. Con la decisi\u00f3n tomada, <strong>Chapecoense<\/strong> estar\u00eda calificado a la fase de grupos de la Copa Libertadores, en 2017.<\/p>\n<p>[video_player]https:\/\/player.vimeo.com\/external\/193960785.hd.mp4?s=106bc27438697ce11fb2b7985751cce31564c156&amp;profile_id=174[\/video_player]<\/p>\n<p><strong>S\u00edguenos en Twitter<\/strong>: <a href=\"https:\/\/twitter.com\/MXFutbolTotal\" target=\"_blank\">@MXFutbolTotal<\/a><\/p>\n","protected":false},"excerpt":{"rendered":"<p>De acuerdo a un medio brasile\u00f1o, se oficializar\u00e1 la decisi\u00f3n pr\u00f3ximamente.<\/p>\n","protected":false},"author":20,"featured_media":446246,"comment_status":"closed","ping_status":"closed","sticky":false,"template":"","format":"standard","meta":[],"categories":[3859,3839,5951],"tags":[7668,1392,2092],"_links":{"self":[{"href":"http:\/\/desarrollo.grupomedios.com\/futbol\/wp-json\/wp\/v2\/posts\/446244"}],"collection":[{"href":"http:\/\/desarrollo.grupomedios.com\/futbol\/wp-json\/wp\/v2\/posts"}],"about":[{"href":"http:\/\/desarrollo.grupomedios.com\/futbol\/wp-json\/wp\/v2\/types\/post"}],"author":[{"embeddable":true,"href":"http:\/\/desarrollo.grupomedios.com\/futbol\/wp-json\/wp\/v2\/users\/20"}],"replies":[{"embeddable":true,"href":"http:\/\/desarrollo.grupomedios.com\/futbol\/wp-json\/wp\/v2\/comments?post=446244"}],"version-history":[{"count":0,"href":"http:\/\/desarrollo.grupomedios.com\/futbol\/wp-json\/wp\/v2\/posts\/446244\/revisions"}],"wp:featuredmedia":[{"embeddable":true,"href":"http:\/\/desarrollo.grupomedios.com\/futbol\/wp-json\/wp\/v2\/media\/446246"}],"wp:attachment":[{"href":"http:\/\/desarrollo.grupomedios.com\/futbol\/wp-json\/wp\/v2\/media?parent=446244"}],"wp:term":[{"taxonomy":"category","embeddable":true,"href":"http:\/\/desarrollo.grupomedios.com\/futbol\/wp-json\/wp\/v2\/categories?post=446244"},{"taxonomy":"post_tag","embeddable":true,"href":"http:\/\/desarrollo.grupomedios.com\/futbol\/wp-json\/wp\/v2\/tags?post=446244"}],"curies":[{"name":"wp","href":"https:\/\/api.w.org\/{rel}","templated":true}]}}