{"id":446263,"date":"2016-12-01T17:33:06","date_gmt":"2016-12-01T23:33:06","guid":{"rendered":"https:\/\/www.futboltotal.com.mx\/?p=446263"},"modified":"2016-12-01T17:33:06","modified_gmt":"2016-12-01T23:33:06","slug":"planeta-futbol-rindio-tributo-chapecoense","status":"publish","type":"post","link":"http:\/\/desarrollo.grupomedios.com\/futbol\/videos\/planeta-futbol-rindio-tributo-chapecoense\/2016\/12","title":{"rendered":"El planeta futbol rindi\u00f3 tributo al Chapecoense"},"content":{"rendered":"<p>El accidente a\u00e9reo sufrido por el Asociaci\u00f3n <strong>Chapecoense<\/strong>, la \u00faltima tragedia acontecida en el deporte, ha generado diversas muestras de apoyo en el planeta futbol.<\/p>\n<p>Desde m\u00faltiples rincones y canchas del mundo, deportistas y fan\u00e1ticos han rendido\u00a0tributo a los futbolistas, periodistas y operadores a\u00e9reos fallecidos, cada uno de ellos a su manera.<\/p>\n<p>[video_player]https:\/\/player.vimeo.com\/external\/193960785.hd.mp4?s=106bc27438697ce11fb2b7985751cce31564c156&amp;profile_id=174[\/video_player]<\/p>\n<p><strong>S\u00edguenos en Twitter<\/strong>: <a href=\"https:\/\/twitter.com\/MXFutbolTotal\" target=\"_blank\">@MXFutbolTotal<\/a><\/p>\n","protected":false},"excerpt":{"rendered":"<p>Deportistas y fan\u00e1ticos han presentado tributo a los futbolistas, periodistas y operadores a\u00e9reos fallecidos<\/p>\n","protected":false},"author":20,"featured_media":446264,"comment_status":"closed","ping_status":"closed","sticky":false,"template":"","format":"standard","meta":[],"categories":[3839,4],"tags":[7668,2092],"_links":{"self":[{"href":"http:\/\/desarrollo.grupomedios.com\/futbol\/wp-json\/wp\/v2\/posts\/446263"}],"collection":[{"href":"http:\/\/desarrollo.grupomedios.com\/futbol\/wp-json\/wp\/v2\/posts"}],"about":[{"href":"http:\/\/desarrollo.grupomedios.com\/futbol\/wp-json\/wp\/v2\/types\/post"}],"author":[{"embeddable":true,"href":"http:\/\/desarrollo.grupomedios.com\/futbol\/wp-json\/wp\/v2\/users\/20"}],"replies":[{"embeddable":true,"href":"http:\/\/desarrollo.grupomedios.com\/futbol\/wp-json\/wp\/v2\/comments?post=446263"}],"version-history":[{"count":0,"href":"http:\/\/desarrollo.grupomedios.com\/futbol\/wp-json\/wp\/v2\/posts\/446263\/revisions"}],"wp:featuredmedia":[{"embeddable":true,"href":"http:\/\/desarrollo.grupomedios.com\/futbol\/wp-json\/wp\/v2\/media\/446264"}],"wp:attachment":[{"href":"http:\/\/desarrollo.grupomedios.com\/futbol\/wp-json\/wp\/v2\/media?parent=446263"}],"wp:term":[{"taxonomy":"category","embeddable":true,"href":"http:\/\/desarrollo.grupomedios.com\/futbol\/wp-json\/wp\/v2\/categories?post=446263"},{"taxonomy":"post_tag","embeddable":true,"href":"http:\/\/desarrollo.grupomedios.com\/futbol\/wp-json\/wp\/v2\/tags?post=446263"}],"curies":[{"name":"wp","href":"https:\/\/api.w.org\/{rel}","templated":true}]}}