{"id":446283,"date":"2016-12-01T19:07:11","date_gmt":"2016-12-02T01:07:11","guid":{"rendered":"https:\/\/www.futboltotal.com.mx\/?p=446283"},"modified":"2016-12-01T19:08:20","modified_gmt":"2016-12-02T01:08:20","slug":"presidente-del-leon-calienta-partido-vuelta","status":"publish","type":"post","link":"http:\/\/desarrollo.grupomedios.com\/futbol\/futbol-mexicano\/presidente-del-leon-calienta-partido-vuelta\/2016\/12","title":{"rendered":"\u00a1Presidente del Le\u00f3n calienta el partido de Vuelta!"},"content":{"rendered":"<p>Un d\u00eda despu\u00e9s de la ca\u00edda de <strong>Le\u00f3n<\/strong> en su cancha, frente a los <a href=\"http:\/\/futboltotal.com.mx\/equipos\/tigres\/\" target=\"_blank\">Tigres<\/a>, el presidente de la <em>Fiera<\/em>, <strong>Jes\u00fas Mart\u00ednez Murgu\u00eda<\/strong>, decidi\u00f3 mandar un mensaje con tono de revancha hacia la escuadra que dirige el <em>Tuca<\/em> Ferretti, a la que enfrentar\u00e1n el pr\u00f3ximo 3 de diciembre.<\/p>\n<p>Para Jes\u00fas Mart\u00ednez, la serie no est\u00e1 definida, pues <a href=\"http:\/\/futboltotal.com.mx\/equipos\/leon\/\" target=\"_blank\">Le\u00f3n<\/a> a\u00fan tiene posibilidades de vencer a los <strong>Tigres<\/strong> en el mism\u00edsimo Ol\u00edmpico Universitario de Nuevo Le\u00f3n, con lo que castigar\u00edan a la UANL por no liquidar el encuentro desde la Semifinal de Ida.<\/p>\n<p style=\"text-align: center;\"><span style=\"color: #3366ff;\"><a style=\"color: #3366ff;\" href=\"https:\/\/www.futboltotal.com.mx\/2016\/11\/resultado-liga-mx-leon-0-1-tigres\/\" target=\"_blank\"><strong>LEER M\u00c1S: Gracias a Gignac, Tigres toma la delantera en el Nou Camp<\/strong><\/a><\/span><\/p>\n<blockquote class=\"twitter-tweet\" data-width=\"500\">\n<p lang=\"es\" dir=\"ltr\">S\u00ed enfrentas un le\u00f3n matalo,no lo dejes herido,no hay nada m\u00e1s peligroso que un le\u00f3n herido. <a href=\"https:\/\/twitter.com\/clubleonfc\">@clubleonfc<\/a><\/p>\n<p>&mdash; Jesus Martinez M. (@jmartinez_leon) <a href=\"https:\/\/twitter.com\/jmartinez_leon\/status\/804409122154233856\">December 1, 2016<\/a><\/p><\/blockquote>\n<p><script async src=\"\/\/platform.twitter.com\/widgets.js\" charset=\"utf-8\"><\/script><\/p>\n<p><strong>Tigres<\/strong> tuvo muchas oportunidades para definir la serie en el Nou Camp, pero no las supo aprovechar, as\u00ed que se fueron del baj\u00edo con apenas un gol de ventaja; por eso el presidente del <strong>Le\u00f3n<\/strong>, confirma en la remontada en el <em>Volc\u00e1n<\/em>.<\/p>\n<p><strong>S\u00edguenos en Twitter<\/strong>: <a href=\"https:\/\/twitter.com\/MXFutbolTotal\" target=\"_blank\">@MXFutbolTotal<\/a><\/p>\n","protected":false},"excerpt":{"rendered":"<p>Jes\u00fas Mart\u00ednez Murgu\u00eda no cree que la serie est\u00e9 perdida.<\/p>\n","protected":false},"author":20,"featured_media":446284,"comment_status":"closed","ping_status":"closed","sticky":false,"template":"","format":"standard","meta":[],"categories":[2198,3845,5950],"tags":[5965,5973],"_links":{"self":[{"href":"http:\/\/desarrollo.grupomedios.com\/futbol\/wp-json\/wp\/v2\/posts\/446283"}],"collection":[{"href":"http:\/\/desarrollo.grupomedios.com\/futbol\/wp-json\/wp\/v2\/posts"}],"about":[{"href":"http:\/\/desarrollo.grupomedios.com\/futbol\/wp-json\/wp\/v2\/types\/post"}],"author":[{"embeddable":true,"href":"http:\/\/desarrollo.grupomedios.com\/futbol\/wp-json\/wp\/v2\/users\/20"}],"replies":[{"embeddable":true,"href":"http:\/\/desarrollo.grupomedios.com\/futbol\/wp-json\/wp\/v2\/comments?post=446283"}],"version-history":[{"count":0,"href":"http:\/\/desarrollo.grupomedios.com\/futbol\/wp-json\/wp\/v2\/posts\/446283\/revisions"}],"wp:featuredmedia":[{"embeddable":true,"href":"http:\/\/desarrollo.grupomedios.com\/futbol\/wp-json\/wp\/v2\/media\/446284"}],"wp:attachment":[{"href":"http:\/\/desarrollo.grupomedios.com\/futbol\/wp-json\/wp\/v2\/media?parent=446283"}],"wp:term":[{"taxonomy":"category","embeddable":true,"href":"http:\/\/desarrollo.grupomedios.com\/futbol\/wp-json\/wp\/v2\/categories?post=446283"},{"taxonomy":"post_tag","embeddable":true,"href":"http:\/\/desarrollo.grupomedios.com\/futbol\/wp-json\/wp\/v2\/tags?post=446283"}],"curies":[{"name":"wp","href":"https:\/\/api.w.org\/{rel}","templated":true}]}}